{"id":48248,"date":"2023-03-28T22:37:22","date_gmt":"2023-03-28T20:37:22","guid":{"rendered":"https:\/\/www.worldfuturecouncil.org\/rechtliche-verantwortlichkeit-fuer-die-auswirkungen-des-klimawandels\/"},"modified":"2023-06-12T16:22:08","modified_gmt":"2023-06-12T14:22:08","slug":"rechtliche-verantwortlichkeit-fuer-die-auswirkungen-des-klimawandels","status":"publish","type":"post","link":"https:\/\/www.worldfuturecouncil.org\/de\/rechtliche-verantwortlichkeit-fuer-die-auswirkungen-des-klimawandels\/","title":{"rendered":"Rechtliche Verantwortlichkeit f\u00fcr die Auswirkungen des Klimawandels?"},"content":{"rendered":"<div  class='flex_column av-5orw06-d8fcbc21b58f1a836ebe279b6b98b398 av_one_full  avia-builder-el-0  el_before_av_image  avia-builder-el-first  first flex_column_div  '     ><section  class='av_textblock_section av-l9fhha9u-5b0bf962fd5c5c8091ed993c22d20b25 '   itemscope=\"itemscope\" itemtype=\"https:\/\/schema.org\/BlogPosting\" itemprop=\"blogPost\" ><div class='avia_textblock'  itemprop=\"text\" ><h4><\/h4>\n<h2>Rechtliche Verantwortlichkeit f\u00fcr die Auswirkungen des Klimawandels?<\/h2>\n<h4><em><span class=\"TextRun SCXW242758005 BCX0\" lang=\"EN-GB\" xml_lang=\"EN-GB\" data-contrast=\"auto\"><span class=\"NormalTextRun SCXW242758005 BCX0\"><span class=\"TextRun SCXW187513422 BCX0\" lang=\"EN-US\" xml_lang=\"EN-US\" data-contrast=\"auto\"><span class=\"NormalTextRun SCXW187513422 BCX0\" data-ccp-charstyle=\"eop\" data-ccp-charstyle-defn=\"{\">Wie Vanuatu und die junge Generation die Klimagerechtigkeit in den Vordergrund r\u00fccken\u202f<\/span><\/span><\/span><\/span><\/em><\/h4>\n<p>Lena Dente, Senior Programm Managerin, Energie und gerechte Entwicklung<br \/>\n<br class=\"avia-permanent-lb\" \/><\/p>\n<p>Der Klimawandel ist wohl <strong>eine der gr\u00f6\u00dften Herausforderungen unserer Zeit<\/strong>, und seine Auswirkungen sind f\u00fcr die schw\u00e4chsten Bev\u00f6lkerungsgruppen auf der ganzen Welt unverh\u00e4ltnism\u00e4\u00dfig stark sp\u00fcrbar. Klimagerechtigkeit versucht, dieses Ungleichgewicht auszugleichen, indem sie sicherstellt, dass diejenigen, die am wenigsten zur Klimakrise beigetragen haben, nicht ungerechterweise mit den Folgen belastet werden.<\/p>\n<p>Ein Land, das bei der Bewegung f\u00fcr Klimagerechtigkeit eine Vorreiterrolle spielt, ist Vanuatu, ein kleiner Inselstaat im S\u00fcdpazifik.\u202fNach Angaben des Rahmen\u00fcbereinkommens der Vereinten Nationen \u00fcber Klima\u00e4nderungen (UNFCCC) betrugen die Treibhausgasemissionen Vanuatus im Jahr 2015 nur 0,002 % der weltweiten Gesamtemissionen. Dennoch geh\u00f6rt das Land zu den L\u00e4ndern, die am st\u00e4rksten von den Auswirkungen des Klimawandels betroffen sind: Der steigende Meeresspiegel, h\u00e4ufigere und st\u00e4rkere tropische Wirbelst\u00fcrme und die Versauerung der Ozeane bedrohen die Existenz des Landes.\u202fIm Klima-Risiko-Index 2020 von Germanwatch wird Vanuatu als das Land eingestuft, das in den letzten zwei Jahrzehnten am st\u00e4rksten vom Klimawandel betroffen war, mit gesch\u00e4tzten 2.341 Todesopfern und wirtschaftlichen Verlusten in H\u00f6he von 477 Millionen US-Dollar.<br \/>\n<br class=\"avia-permanent-lb\" \/><\/p>\n<p><strong>Ma\u00dfnahmen ergreifen\u202f<\/strong><\/p>\n<p>2018 startete Vanuatu die <a href=\"https:\/\/www.vanuatuicj.com\/\">Vanuatu-ICJ-Initiative<\/a>, die den Internationalen Gerichtshof (IGH) aufforderte, ein Gutachten (ICJAO) \u00fcber die Verantwortung von Staaten zur Verhinderung des Klimawandels und die Auswirkungen auf die Rechte von Menschen au\u00dferhalb der nationalen Gerichtsbarkeit zu erstellen. Am 29. M\u00e4rz 2023 wird die Generalversammlung der Vereinten Nationen \u00fcber dieses Thema abstimmen.<\/p>\n<p>Die Initiative wird von Vanuatu im Namen einer Koalition von mehr als 120 Staaten angef\u00fchrt, zu denen auch die pazifischen Inselnationen geh\u00f6ren, die ebenfalls zu den am st\u00e4rksten gef\u00e4hrdeten L\u00e4ndern z\u00e4hlen. Diese Kampagne f\u00fchrte zur Gr\u00fcndung der Organisation <a href=\"https:\/\/www.wy4cj.org\/\">World&#8217;s Youth for Climate Justice (Weltjugend f\u00fcr Klimagerechtigkeit)<\/a>, die die Stimme der zuk\u00fcnftigen Generationen in dieser wichtigen Frage vertritt.<\/p>\n<p>Die Vanuatu ICJ Initiative argumentiert, dass der Klimawandel eine Bedrohung f\u00fcr die grundlegenden Menschenrechte der Menschen auf der ganzen Welt darstellt und dass die Staaten rechtlich verpflichtet sind, Ma\u00dfnahmen zu ergreifen, um ihn zu verhindern. Die Initiative fordert den IGH auf, die rechtlichen Verpflichtungen der Staaten nach dem V\u00f6lkerrecht zu kl\u00e4ren, einschlie\u00dflich der Pflicht zur Schadensverh\u00fctung und des Grundsatzes der gemeinsamen, aber differenzierten Verantwortung.<\/p>\n<p>Neben den Rechten der Menschen, die derzeit vom Klimawandel betroffen sind, betont die Initiative auch, wie wichtig es ist, die Rechte zuk\u00fcnftiger Generationen zu ber\u00fccksichtigen &#8211; dass sie nicht ungerechtfertigt durch die Folgen der Klimakrise belastet werden und dass sie ein Recht auf eine sichere und gesunde Umwelt haben.\u202fDer Klimawandel ist ein generationen\u00fcbergreifendes Problem und ein wichtiger Grundsatz der Klimagerechtigkeit, da die heutigen Generationen daf\u00fcr verantwortlich sind, dass die Bed\u00fcrfnisse k\u00fcnftiger Generationen nicht beeintr\u00e4chtigt werden.<br \/>\n<br class=\"avia-permanent-lb\" \/><\/p>\n<p><strong>M\u00f6gliche internationale Auswirkungen<\/strong><\/p>\n<p>Die Initiative stellt einen Meilenstein in der Bewegung f\u00fcr Klimagerechtigkeit dar, da sie den dringenden Handlungsbedarf hinsichtlich der ungleichen Auswirkungen des Klimawandels aufzeigt. Sie ist auch ein Beweis f\u00fcr die F\u00fchrungsrolle von jungen Menschen und kleinen Inselstaaten im Kampf gegen den Klimawandel.<\/p>\n<p>Wenn der IGH ein Gutachten zur Unterst\u00fctzung der Initiative abgibt, k\u00f6nnte dies einen rechtlichen Pr\u00e4zedenzfall daf\u00fcr schaffen, dass Staaten f\u00fcr ihre Handlungen im Zusammenhang mit dem Klimawandel zur Verantwortung gezogen werden. Dies k\u00f6nnte zu einer st\u00e4rkeren internationalen Zusammenarbeit und zu Ma\u00dfnahmen gegen den Klimawandel sowie zu einer gr\u00f6\u00dferen Anerkennung der Rechte gef\u00e4hrdeter Gemeinschaften und k\u00fcnftiger Generationen f\u00fchren.<\/p>\n<p>Dar\u00fcber hinaus k\u00f6nnte dies zu einer st\u00e4rkeren Anerkennung der Grunds\u00e4tze der Generationengerechtigkeit und der Treuh\u00e4nderschaft der Erde im internationalen Recht f\u00fchren, was Auswirkungen auf eine Reihe von Umweltthemen \u00fcber den Klimawandel hinaus haben k\u00f6nnte.<br \/>\n<br class=\"avia-permanent-lb\" \/><\/p>\n<p><strong>Engagement des World Future Council<\/strong><\/p>\n<p>Alyn Ware, Ratsmitglied und Co-Vorsitzender der Friedens- und Abr\u00fcstungskommission des World Future Council, ber\u00e4t junge F\u00fchrungskr\u00e4fte und Juristen, die am ICJAO arbeiten. Alyn hat sich im Laufe der Jahre an mehreren ICJAO-Kampagnen beteiligt. Einer der Gr\u00fcndungsmitglieder des World Future Council, S.E. Richter C.G. Weeramantry, ehemaliger Vizepr\u00e4sident des Internationalen Gerichtshofs, verfasste eine ber\u00fchmte abweichende Meinung in einem Fall, der sich auf Atomwaffen bezog, die als Pr\u00e4zedenzfall f\u00fcr die neuen Bem\u00fchungen um einen ICJAO zum Klimawandel dienen k\u00f6nnte.<\/p>\n<p>Der World Future Council wird seine Unterst\u00fctzung f\u00fcr diese Initiative fortsetzen und dabei auf seine Beitr\u00e4ge in den Bereichen gerechte Entwicklung, Rechte zuk\u00fcnftiger Generationen und Aufzeigen zukunftsgerechter Politiken aufbauen.<br \/>\n<br class=\"avia-permanent-lb\" \/><br class=\"avia-permanent-lb\" \/><\/p>\n<\/div><\/section><\/div>\n<style type=\"text\/css\" data-created_by=\"avia_inline_auto\" id=\"style-css-av-lfsa66ej-423c8b68d7fd15f33c5c4c38b27a989c\">\n.avia-image-container.av-lfsa66ej-423c8b68d7fd15f33c5c4c38b27a989c img.avia_image{\nbox-shadow:none;\n}\n.avia-image-container.av-lfsa66ej-423c8b68d7fd15f33c5c4c38b27a989c .av-image-caption-overlay-center{\ncolor:#ffffff;\n}\n<\/style>\n<div  class='avia-image-container av-lfsa66ej-423c8b68d7fd15f33c5c4c38b27a989c av-styling- avia-align-center  avia-builder-el-2  el_after_av_one_full  avia-builder-el-last '   itemprop=\"image\" itemscope=\"itemscope\" itemtype=\"https:\/\/schema.org\/ImageObject\" ><div class=\"avia-image-container-inner\"><div class=\"avia-image-overlay-wrap\"><img decoding=\"async\" fetchpriority=\"high\" class='wp-image- avia-img-lazy-loading-not- avia_image ' src=\"https:\/\/old.worldfuturecouncil.org\/wp-content\/uploads\/2023\/03\/aricle-vanuatu-1-1210x423.jpg\" alt='' title=''   itemprop=\"thumbnailUrl\"  \/><\/div><\/div><\/div><\/p>\n","protected":false},"excerpt":{"rendered":"<p>Our side events focus on the role of 100% Renewable Energy and on building roadmaps to achieve the Agenda 2030. Join our discussion, we would love to meet you during our side events!<\/p>\n","protected":false},"author":16,"featured_media":0,"comment_status":"closed","ping_status":"closed","sticky":false,"template":"","format":"standard","meta":{"footnotes":""},"categories":[586,603,250,254],"tags":[],"class_list":["post-48248","post","type-post","status-publish","format-standard","hentry","category-blog-energie-und-gerechte-entwicklung","category-blog-zukuenftige-generationen","category-news-energie-und-gerechte-entwicklung","category-news-zukuenftige-generationen"],"featured_image_src":null,"author_info":{"display_name":"Damian Cramer","author_link":"https:\/\/www.worldfuturecouncil.org\/de\/author\/damian_wfc\/"},"yoast_head":"<!-- This site is optimized with the Yoast SEO plugin v26.8 - https:\/\/yoast.com\/product\/yoast-seo-wordpress\/ -->\n<title>Rechtliche Verantwortlichkeit f\u00fcr die Auswirkungen des Klimawandels? - World Future Council<\/title>\n<meta name=\"robots\" content=\"index, follow, max-snippet:-1, max-image-preview:large, max-video-preview:-1\" \/>\n<link rel=\"canonical\" href=\"https:\/\/www.worldfuturecouncil.org\/de\/rechtliche-verantwortlichkeit-fuer-die-auswirkungen-des-klimawandels\/\" \/>\n<meta property=\"og:locale\" content=\"de_DE\" \/>\n<meta property=\"og:type\" content=\"article\" \/>\n<meta property=\"og:title\" content=\"Rechtliche Verantwortlichkeit f\u00fcr die Auswirkungen des Klimawandels? - World Future Council\" \/>\n<meta property=\"og:description\" content=\"Our side events focus on the role of 100% Renewable Energy and on building roadmaps to achieve the Agenda 2030. Join our discussion, we would love to meet you during our side events!\" \/>\n<meta property=\"og:url\" content=\"https:\/\/www.worldfuturecouncil.org\/de\/rechtliche-verantwortlichkeit-fuer-die-auswirkungen-des-klimawandels\/\" \/>\n<meta property=\"og:site_name\" content=\"World Future Council\" \/>\n<meta property=\"article:published_time\" content=\"2023-03-28T20:37:22+00:00\" \/>\n<meta property=\"article:modified_time\" content=\"2023-06-12T14:22:08+00:00\" \/>\n<meta name=\"author\" content=\"Damian Cramer\" \/>\n<meta name=\"twitter:card\" content=\"summary_large_image\" \/>\n<meta name=\"twitter:label1\" content=\"Verfasst von\" \/>\n\t<meta name=\"twitter:data1\" content=\"Damian Cramer\" \/>\n\t<meta name=\"twitter:label2\" content=\"Gesch\u00e4tzte Lesezeit\" \/>\n\t<meta name=\"twitter:data2\" content=\"7\u00a0Minuten\" \/>\n<script type=\"application\/ld+json\" class=\"yoast-schema-graph\">{\"@context\":\"https:\/\/schema.org\",\"@graph\":[{\"@type\":\"Article\",\"@id\":\"https:\/\/www.worldfuturecouncil.org\/de\/rechtliche-verantwortlichkeit-fuer-die-auswirkungen-des-klimawandels\/#article\",\"isPartOf\":{\"@id\":\"https:\/\/www.worldfuturecouncil.org\/de\/rechtliche-verantwortlichkeit-fuer-die-auswirkungen-des-klimawandels\/\"},\"author\":{\"name\":\"Damian Cramer\",\"@id\":\"https:\/\/www.worldfuturecouncil.org\/#\/schema\/person\/314be8521650bd44e38780fddf419b30\"},\"headline\":\"Rechtliche Verantwortlichkeit f\u00fcr die Auswirkungen des Klimawandels?\",\"datePublished\":\"2023-03-28T20:37:22+00:00\",\"dateModified\":\"2023-06-12T14:22:08+00:00\",\"mainEntityOfPage\":{\"@id\":\"https:\/\/www.worldfuturecouncil.org\/de\/rechtliche-verantwortlichkeit-fuer-die-auswirkungen-des-klimawandels\/\"},\"wordCount\":1250,\"articleSection\":[\"Blog Energie &amp; gerechte Entwicklung\",\"Blog zuk\u00fcnftige Generationen\",\"News Energie und gerechte Entwicklung\",\"News zuk\u00fcnftige Generationen\"],\"inLanguage\":\"de\"},{\"@type\":\"WebPage\",\"@id\":\"https:\/\/www.worldfuturecouncil.org\/de\/rechtliche-verantwortlichkeit-fuer-die-auswirkungen-des-klimawandels\/\",\"url\":\"https:\/\/www.worldfuturecouncil.org\/de\/rechtliche-verantwortlichkeit-fuer-die-auswirkungen-des-klimawandels\/\",\"name\":\"Rechtliche Verantwortlichkeit f\u00fcr die Auswirkungen des Klimawandels? - World Future Council\",\"isPartOf\":{\"@id\":\"https:\/\/www.worldfuturecouncil.org\/#website\"},\"datePublished\":\"2023-03-28T20:37:22+00:00\",\"dateModified\":\"2023-06-12T14:22:08+00:00\",\"author\":{\"@id\":\"https:\/\/www.worldfuturecouncil.org\/#\/schema\/person\/314be8521650bd44e38780fddf419b30\"},\"inLanguage\":\"de\",\"potentialAction\":[{\"@type\":\"ReadAction\",\"target\":[\"https:\/\/www.worldfuturecouncil.org\/de\/rechtliche-verantwortlichkeit-fuer-die-auswirkungen-des-klimawandels\/\"]}]},{\"@type\":\"WebSite\",\"@id\":\"https:\/\/www.worldfuturecouncil.org\/#website\",\"url\":\"https:\/\/www.worldfuturecouncil.org\/\",\"name\":\"World Future Council\",\"description\":\"Solutions for our Common Future\",\"potentialAction\":[{\"@type\":\"SearchAction\",\"target\":{\"@type\":\"EntryPoint\",\"urlTemplate\":\"https:\/\/www.worldfuturecouncil.org\/?s={search_term_string}\"},\"query-input\":{\"@type\":\"PropertyValueSpecification\",\"valueRequired\":true,\"valueName\":\"search_term_string\"}}],\"inLanguage\":\"de\"},{\"@type\":\"Person\",\"@id\":\"https:\/\/www.worldfuturecouncil.org\/#\/schema\/person\/314be8521650bd44e38780fddf419b30\",\"name\":\"Damian Cramer\",\"image\":{\"@type\":\"ImageObject\",\"inLanguage\":\"de\",\"@id\":\"https:\/\/www.worldfuturecouncil.org\/#\/schema\/person\/image\/\",\"url\":\"https:\/\/secure.gravatar.com\/avatar\/cc30f4e4dc09cfac9016973bb7acbf21e51bca875f4f1a87ef413caa38147247?s=96&d=mm&r=g\",\"contentUrl\":\"https:\/\/secure.gravatar.com\/avatar\/cc30f4e4dc09cfac9016973bb7acbf21e51bca875f4f1a87ef413caa38147247?s=96&d=mm&r=g\",\"caption\":\"Damian Cramer\"},\"url\":\"https:\/\/www.worldfuturecouncil.org\/de\/author\/damian_wfc\/\"}]}<\/script>\n<!-- \/ Yoast SEO plugin. -->","yoast_head_json":{"title":"Rechtliche Verantwortlichkeit f\u00fcr die Auswirkungen des Klimawandels? - World Future Council","robots":{"index":"index","follow":"follow","max-snippet":"max-snippet:-1","max-image-preview":"max-image-preview:large","max-video-preview":"max-video-preview:-1"},"canonical":"https:\/\/www.worldfuturecouncil.org\/de\/rechtliche-verantwortlichkeit-fuer-die-auswirkungen-des-klimawandels\/","og_locale":"de_DE","og_type":"article","og_title":"Rechtliche Verantwortlichkeit f\u00fcr die Auswirkungen des Klimawandels? - World Future Council","og_description":"Our side events focus on the role of 100% Renewable Energy and on building roadmaps to achieve the Agenda 2030. Join our discussion, we would love to meet you during our side events!","og_url":"https:\/\/www.worldfuturecouncil.org\/de\/rechtliche-verantwortlichkeit-fuer-die-auswirkungen-des-klimawandels\/","og_site_name":"World Future Council","article_published_time":"2023-03-28T20:37:22+00:00","article_modified_time":"2023-06-12T14:22:08+00:00","author":"Damian Cramer","twitter_card":"summary_large_image","twitter_misc":{"Verfasst von":"Damian Cramer","Gesch\u00e4tzte Lesezeit":"7\u00a0Minuten"},"schema":{"@context":"https:\/\/schema.org","@graph":[{"@type":"Article","@id":"https:\/\/www.worldfuturecouncil.org\/de\/rechtliche-verantwortlichkeit-fuer-die-auswirkungen-des-klimawandels\/#article","isPartOf":{"@id":"https:\/\/www.worldfuturecouncil.org\/de\/rechtliche-verantwortlichkeit-fuer-die-auswirkungen-des-klimawandels\/"},"author":{"name":"Damian Cramer","@id":"https:\/\/www.worldfuturecouncil.org\/#\/schema\/person\/314be8521650bd44e38780fddf419b30"},"headline":"Rechtliche Verantwortlichkeit f\u00fcr die Auswirkungen des Klimawandels?","datePublished":"2023-03-28T20:37:22+00:00","dateModified":"2023-06-12T14:22:08+00:00","mainEntityOfPage":{"@id":"https:\/\/www.worldfuturecouncil.org\/de\/rechtliche-verantwortlichkeit-fuer-die-auswirkungen-des-klimawandels\/"},"wordCount":1250,"articleSection":["Blog Energie &amp; gerechte Entwicklung","Blog zuk\u00fcnftige Generationen","News Energie und gerechte Entwicklung","News zuk\u00fcnftige Generationen"],"inLanguage":"de"},{"@type":"WebPage","@id":"https:\/\/www.worldfuturecouncil.org\/de\/rechtliche-verantwortlichkeit-fuer-die-auswirkungen-des-klimawandels\/","url":"https:\/\/www.worldfuturecouncil.org\/de\/rechtliche-verantwortlichkeit-fuer-die-auswirkungen-des-klimawandels\/","name":"Rechtliche Verantwortlichkeit f\u00fcr die Auswirkungen des Klimawandels? - World Future Council","isPartOf":{"@id":"https:\/\/www.worldfuturecouncil.org\/#website"},"datePublished":"2023-03-28T20:37:22+00:00","dateModified":"2023-06-12T14:22:08+00:00","author":{"@id":"https:\/\/www.worldfuturecouncil.org\/#\/schema\/person\/314be8521650bd44e38780fddf419b30"},"inLanguage":"de","potentialAction":[{"@type":"ReadAction","target":["https:\/\/www.worldfuturecouncil.org\/de\/rechtliche-verantwortlichkeit-fuer-die-auswirkungen-des-klimawandels\/"]}]},{"@type":"WebSite","@id":"https:\/\/www.worldfuturecouncil.org\/#website","url":"https:\/\/www.worldfuturecouncil.org\/","name":"World Future Council","description":"Solutions for our Common Future","potentialAction":[{"@type":"SearchAction","target":{"@type":"EntryPoint","urlTemplate":"https:\/\/www.worldfuturecouncil.org\/?s={search_term_string}"},"query-input":{"@type":"PropertyValueSpecification","valueRequired":true,"valueName":"search_term_string"}}],"inLanguage":"de"},{"@type":"Person","@id":"https:\/\/www.worldfuturecouncil.org\/#\/schema\/person\/314be8521650bd44e38780fddf419b30","name":"Damian Cramer","image":{"@type":"ImageObject","inLanguage":"de","@id":"https:\/\/www.worldfuturecouncil.org\/#\/schema\/person\/image\/","url":"https:\/\/secure.gravatar.com\/avatar\/cc30f4e4dc09cfac9016973bb7acbf21e51bca875f4f1a87ef413caa38147247?s=96&d=mm&r=g","contentUrl":"https:\/\/secure.gravatar.com\/avatar\/cc30f4e4dc09cfac9016973bb7acbf21e51bca875f4f1a87ef413caa38147247?s=96&d=mm&r=g","caption":"Damian Cramer"},"url":"https:\/\/www.worldfuturecouncil.org\/de\/author\/damian_wfc\/"}]}},"_links":{"self":[{"href":"https:\/\/www.worldfuturecouncil.org\/de\/wp-json\/wp\/v2\/posts\/48248","targetHints":{"allow":["GET"]}}],"collection":[{"href":"https:\/\/www.worldfuturecouncil.org\/de\/wp-json\/wp\/v2\/posts"}],"about":[{"href":"https:\/\/www.worldfuturecouncil.org\/de\/wp-json\/wp\/v2\/types\/post"}],"author":[{"embeddable":true,"href":"https:\/\/www.worldfuturecouncil.org\/de\/wp-json\/wp\/v2\/users\/16"}],"replies":[{"embeddable":true,"href":"https:\/\/www.worldfuturecouncil.org\/de\/wp-json\/wp\/v2\/comments?post=48248"}],"version-history":[{"count":0,"href":"https:\/\/www.worldfuturecouncil.org\/de\/wp-json\/wp\/v2\/posts\/48248\/revisions"}],"wp:attachment":[{"href":"https:\/\/www.worldfuturecouncil.org\/de\/wp-json\/wp\/v2\/media?parent=48248"}],"wp:term":[{"taxonomy":"category","embeddable":true,"href":"https:\/\/www.worldfuturecouncil.org\/de\/wp-json\/wp\/v2\/categories?post=48248"},{"taxonomy":"post_tag","embeddable":true,"href":"https:\/\/www.worldfuturecouncil.org\/de\/wp-json\/wp\/v2\/tags?post=48248"}],"curies":[{"name":"wp","href":"https:\/\/api.w.org\/{rel}","templated":true}]}}