{"id":46970,"date":"2023-05-25T14:33:04","date_gmt":"2023-05-25T12:33:04","guid":{"rendered":"https:\/\/www.worldfuturecouncil.org\/miriam-petersen\/"},"modified":"2025-12-04T14:48:07","modified_gmt":"2025-12-04T12:48:07","slug":"catherine-pearce","status":"publish","type":"post","link":"https:\/\/www.worldfuturecouncil.org\/de\/catherine-pearce\/","title":{"rendered":"Catherine Pearce"},"content":{"rendered":"<div  class='flex_column av-2pico83-428257726238a088c73c1a14e76c796e av_two_fifth  avia-builder-el-0  el_before_av_three_fifth  avia-builder-el-first  first flex_column_div  '     ><style type=\"text\/css\" data-created_by=\"avia_inline_auto\" id=\"style-css-av-29arl2b-1364df53fb6899bd5e7b3486b79b1197\">\n.avia-image-container.av-29arl2b-1364df53fb6899bd5e7b3486b79b1197 img.avia_image{\nbox-shadow:none;\n}\n.avia-image-container.av-29arl2b-1364df53fb6899bd5e7b3486b79b1197 .av-image-caption-overlay-center{\ncolor:#ffffff;\n}\n<\/style>\n<div  class='avia-image-container av-29arl2b-1364df53fb6899bd5e7b3486b79b1197 av-styling- avia-align-center  avia-builder-el-1  avia-builder-el-no-sibling '   itemprop=\"image\" itemscope=\"itemscope\" itemtype=\"https:\/\/schema.org\/ImageObject\" ><div class=\"avia-image-container-inner\"><div class=\"avia-image-overlay-wrap\"><img decoding=\"async\" fetchpriority=\"high\" class='wp-image-55540 avia-img-lazy-loading-not-55540 avia_image ' src=\"https:\/\/www.worldfuturecouncil.org\/wp-content\/uploads\/2023\/04\/Catherine-Pearce-profile-pic.png\" alt='Catherine Pearce profile pic' title='Catherine Pearce profile pic'  height=\"1600\" width=\"1600\"  itemprop=\"thumbnailUrl\" srcset=\"https:\/\/www.worldfuturecouncil.org\/wp-content\/uploads\/2023\/04\/Catherine-Pearce-profile-pic.png 1600w, https:\/\/www.worldfuturecouncil.org\/wp-content\/uploads\/2023\/04\/Catherine-Pearce-profile-pic-300x300.png 300w, https:\/\/www.worldfuturecouncil.org\/wp-content\/uploads\/2023\/04\/Catherine-Pearce-profile-pic-1030x1030.png 1030w, https:\/\/www.worldfuturecouncil.org\/wp-content\/uploads\/2023\/04\/Catherine-Pearce-profile-pic-80x80.png 80w, https:\/\/www.worldfuturecouncil.org\/wp-content\/uploads\/2023\/04\/Catherine-Pearce-profile-pic-768x768.png 768w, https:\/\/www.worldfuturecouncil.org\/wp-content\/uploads\/2023\/04\/Catherine-Pearce-profile-pic-1536x1536.png 1536w, https:\/\/www.worldfuturecouncil.org\/wp-content\/uploads\/2023\/04\/Catherine-Pearce-profile-pic-36x36.png 36w, https:\/\/www.worldfuturecouncil.org\/wp-content\/uploads\/2023\/04\/Catherine-Pearce-profile-pic-180x180.png 180w, https:\/\/www.worldfuturecouncil.org\/wp-content\/uploads\/2023\/04\/Catherine-Pearce-profile-pic-1500x1500.png 1500w, https:\/\/www.worldfuturecouncil.org\/wp-content\/uploads\/2023\/04\/Catherine-Pearce-profile-pic-705x705.png 705w\" sizes=\"(max-width: 1600px) 100vw, 1600px\" \/><\/div><\/div><\/div><\/div><div  class='flex_column av-1lhhj43-86e80cd7ac07f3800c0adbbcf04d01ae av_three_fifth  avia-builder-el-2  el_after_av_two_fifth  avia-builder-el-last  flex_column_div  '     ><section  class='av_textblock_section av-lguoao1j-6e5e3e0ab4753eea929660ecc6a7e609 '   itemscope=\"itemscope\" itemtype=\"https:\/\/schema.org\/BlogPosting\" itemprop=\"blogPost\" ><div class='avia_textblock'  itemprop=\"text\" ><h1>Catherine Pearce<\/h1>\n<p>Beraterin \u2013 Zukunftsgerechtigkeit<\/p>\n<p>Catherine hat einen Hintergrund in internationaler Klimapolitik, um starke Klimaschutzma\u00dfnahmen und Klimagerechtigkeit f\u00fcr eine faire, gerechte und sichere Zukunft f\u00fcr alle zu gew\u00e4hrleisten.<\/p>\n<p>Viele Jahre lang leitete Catherine die Kommission f\u00fcr Zukunftsgerechtigkeit des World Future Council. W\u00e4hrend dieser Zeit konzentrierte sie sich auf langfristige Regierungsf\u00fchrung, die Verwirklichung der Rechte k\u00fcnftiger Generationen, politische Ma\u00dfnahmen f\u00fcr eine zukunftsgerechte Gesetzgebung und die Anerkennung von Verbrechen gegen k\u00fcnftige Generationen. Zu ihren Aufgaben geh\u00f6rte die Leitung der internationalen Bem\u00fchungen zur Einrichtung eines UN-Beauftragten f\u00fcr k\u00fcnftige Generationen w\u00e4hrend des Rio+20-Erdgipfels 2012. Diese hochrangige Initiative f\u00fchrte schlie\u00dflich 2024 zur Ank\u00fcndigung der Ernennung eines UN-Sonderbeauftragten f\u00fcr k\u00fcnftige Generationen. Sie arbeitete mit Regierungen und der Zivilgesellschaft auf der ganzen Welt zusammen und setzte sich f\u00fcr Generationengerechtigkeit ein. Sie wurde eingeladen, das Mandat des unabh\u00e4ngigen Beauftragten f\u00fcr zuk\u00fcnftige Generationen in Wales im Rahmen des Gesetzes \u00fcber das Wohlergehen zuk\u00fcnftiger Generationen von 2015 (https:\/\/www.gov.wales\/well-being-of-future-generations-wales) mitzugestalten. Catherine half beim Aufbau des Netzwerks von Institutionen und F\u00fchrungskr\u00e4ften f\u00fcr zuk\u00fcnftige Generationen (https:\/\/ourfuturegenerations.com\/) und war an den ersten Entw\u00fcrfen der Maastricht-Prinzipien zu den Menschenrechten zuk\u00fcnftiger Generationen beteiligt, die den rechtlichen Rahmen f\u00fcr den Schutz der Rechte zuk\u00fcnftiger Generationen umrei\u00dfen (https:\/\/www.rightsoffuturegenerations.org\/).<\/p>\n<\/div><\/section><\/div><\/p>\n","protected":false},"excerpt":{"rendered":"","protected":false},"author":16,"featured_media":55540,"comment_status":"closed","ping_status":"closed","sticky":false,"template":"","format":"standard","meta":{"footnotes":""},"categories":[113],"tags":[819,826],"class_list":["post-46970","post","type-post","status-publish","format-standard","has-post-thumbnail","hentry","category-unkategorisiert","tag-consultans","tag-consultants-de"],"featured_image_src":"https:\/\/www.worldfuturecouncil.org\/wp-content\/uploads\/2023\/04\/Catherine-Pearce-profile-pic.png","author_info":{"display_name":"Damian Cramer","author_link":"https:\/\/www.worldfuturecouncil.org\/de\/author\/damian_wfc\/"},"yoast_head":"<!-- This site is optimized with the Yoast SEO plugin v26.8 - https:\/\/yoast.com\/product\/yoast-seo-wordpress\/ -->\n<title>Catherine Pearce - World Future Council<\/title>\n<meta name=\"description\" content=\"Catherine hat einen Hintergrund in internationaler Klimapolitik, um starke Klimaschutzma\u00dfnahmen und Klimagerechtigkeit f\u00fcr eine faire\" \/>\n<meta name=\"robots\" content=\"index, follow, max-snippet:-1, max-image-preview:large, max-video-preview:-1\" \/>\n<link rel=\"canonical\" href=\"https:\/\/www.worldfuturecouncil.org\/de\/catherine-pearce\/\" \/>\n<meta property=\"og:locale\" content=\"de_DE\" \/>\n<meta property=\"og:type\" content=\"article\" \/>\n<meta property=\"og:title\" content=\"Catherine Pearce - World Future Council\" \/>\n<meta property=\"og:description\" content=\"Catherine hat einen Hintergrund in internationaler Klimapolitik, um starke Klimaschutzma\u00dfnahmen und Klimagerechtigkeit f\u00fcr eine faire\" \/>\n<meta property=\"og:url\" content=\"https:\/\/www.worldfuturecouncil.org\/de\/catherine-pearce\/\" \/>\n<meta property=\"og:site_name\" content=\"World Future Council\" \/>\n<meta property=\"article:published_time\" content=\"2023-05-25T12:33:04+00:00\" \/>\n<meta property=\"article:modified_time\" content=\"2025-12-04T12:48:07+00:00\" \/>\n<meta property=\"og:image\" content=\"https:\/\/www.worldfuturecouncil.org\/wp-content\/uploads\/2023\/04\/Catherine-Pearce-profile-pic-1030x1030.png\" \/>\n\t<meta property=\"og:image:width\" content=\"1030\" \/>\n\t<meta property=\"og:image:height\" content=\"1030\" \/>\n\t<meta property=\"og:image:type\" content=\"image\/png\" \/>\n<meta name=\"author\" content=\"Damian Cramer\" \/>\n<meta name=\"twitter:card\" content=\"summary_large_image\" \/>\n<meta name=\"twitter:label1\" content=\"Verfasst von\" \/>\n\t<meta name=\"twitter:data1\" content=\"Damian Cramer\" \/>\n\t<meta name=\"twitter:label2\" content=\"Gesch\u00e4tzte Lesezeit\" \/>\n\t<meta name=\"twitter:data2\" content=\"2\u00a0Minuten\" \/>\n<script type=\"application\/ld+json\" class=\"yoast-schema-graph\">{\"@context\":\"https:\/\/schema.org\",\"@graph\":[{\"@type\":\"Article\",\"@id\":\"https:\/\/www.worldfuturecouncil.org\/de\/catherine-pearce\/#article\",\"isPartOf\":{\"@id\":\"https:\/\/www.worldfuturecouncil.org\/de\/catherine-pearce\/\"},\"author\":{\"name\":\"Damian Cramer\",\"@id\":\"https:\/\/www.worldfuturecouncil.org\/#\/schema\/person\/314be8521650bd44e38780fddf419b30\"},\"headline\":\"Catherine Pearce\",\"datePublished\":\"2023-05-25T12:33:04+00:00\",\"dateModified\":\"2025-12-04T12:48:07+00:00\",\"mainEntityOfPage\":{\"@id\":\"https:\/\/www.worldfuturecouncil.org\/de\/catherine-pearce\/\"},\"wordCount\":1171,\"image\":{\"@id\":\"https:\/\/www.worldfuturecouncil.org\/de\/catherine-pearce\/#primaryimage\"},\"thumbnailUrl\":\"https:\/\/www.worldfuturecouncil.org\/wp-content\/uploads\/2023\/04\/Catherine-Pearce-profile-pic.png\",\"keywords\":[\"Consultans\",\"Consultants\"],\"articleSection\":[\"Unkategorisiert\"],\"inLanguage\":\"de\"},{\"@type\":\"WebPage\",\"@id\":\"https:\/\/www.worldfuturecouncil.org\/de\/catherine-pearce\/\",\"url\":\"https:\/\/www.worldfuturecouncil.org\/de\/catherine-pearce\/\",\"name\":\"Catherine Pearce - World Future Council\",\"isPartOf\":{\"@id\":\"https:\/\/www.worldfuturecouncil.org\/#website\"},\"primaryImageOfPage\":{\"@id\":\"https:\/\/www.worldfuturecouncil.org\/de\/catherine-pearce\/#primaryimage\"},\"image\":{\"@id\":\"https:\/\/www.worldfuturecouncil.org\/de\/catherine-pearce\/#primaryimage\"},\"thumbnailUrl\":\"https:\/\/www.worldfuturecouncil.org\/wp-content\/uploads\/2023\/04\/Catherine-Pearce-profile-pic.png\",\"datePublished\":\"2023-05-25T12:33:04+00:00\",\"dateModified\":\"2025-12-04T12:48:07+00:00\",\"author\":{\"@id\":\"https:\/\/www.worldfuturecouncil.org\/#\/schema\/person\/314be8521650bd44e38780fddf419b30\"},\"description\":\"Catherine hat einen Hintergrund in internationaler Klimapolitik, um starke Klimaschutzma\u00dfnahmen und Klimagerechtigkeit f\u00fcr eine faire\",\"inLanguage\":\"de\",\"potentialAction\":[{\"@type\":\"ReadAction\",\"target\":[\"https:\/\/www.worldfuturecouncil.org\/de\/catherine-pearce\/\"]}]},{\"@type\":\"ImageObject\",\"inLanguage\":\"de\",\"@id\":\"https:\/\/www.worldfuturecouncil.org\/de\/catherine-pearce\/#primaryimage\",\"url\":\"https:\/\/www.worldfuturecouncil.org\/wp-content\/uploads\/2023\/04\/Catherine-Pearce-profile-pic.png\",\"contentUrl\":\"https:\/\/www.worldfuturecouncil.org\/wp-content\/uploads\/2023\/04\/Catherine-Pearce-profile-pic.png\",\"width\":1600,\"height\":1600,\"caption\":\"Catherine Pearce profile pic\"},{\"@type\":\"WebSite\",\"@id\":\"https:\/\/www.worldfuturecouncil.org\/#website\",\"url\":\"https:\/\/www.worldfuturecouncil.org\/\",\"name\":\"World Future Council\",\"description\":\"Solutions for our Common Future\",\"potentialAction\":[{\"@type\":\"SearchAction\",\"target\":{\"@type\":\"EntryPoint\",\"urlTemplate\":\"https:\/\/www.worldfuturecouncil.org\/?s={search_term_string}\"},\"query-input\":{\"@type\":\"PropertyValueSpecification\",\"valueRequired\":true,\"valueName\":\"search_term_string\"}}],\"inLanguage\":\"de\"},{\"@type\":\"Person\",\"@id\":\"https:\/\/www.worldfuturecouncil.org\/#\/schema\/person\/314be8521650bd44e38780fddf419b30\",\"name\":\"Damian Cramer\",\"image\":{\"@type\":\"ImageObject\",\"inLanguage\":\"de\",\"@id\":\"https:\/\/www.worldfuturecouncil.org\/#\/schema\/person\/image\/\",\"url\":\"https:\/\/secure.gravatar.com\/avatar\/cc30f4e4dc09cfac9016973bb7acbf21e51bca875f4f1a87ef413caa38147247?s=96&d=mm&r=g\",\"contentUrl\":\"https:\/\/secure.gravatar.com\/avatar\/cc30f4e4dc09cfac9016973bb7acbf21e51bca875f4f1a87ef413caa38147247?s=96&d=mm&r=g\",\"caption\":\"Damian Cramer\"},\"url\":\"https:\/\/www.worldfuturecouncil.org\/de\/author\/damian_wfc\/\"}]}<\/script>\n<!-- \/ Yoast SEO plugin. -->","yoast_head_json":{"title":"Catherine Pearce - World Future Council","description":"Catherine hat einen Hintergrund in internationaler Klimapolitik, um starke Klimaschutzma\u00dfnahmen und Klimagerechtigkeit f\u00fcr eine faire","robots":{"index":"index","follow":"follow","max-snippet":"max-snippet:-1","max-image-preview":"max-image-preview:large","max-video-preview":"max-video-preview:-1"},"canonical":"https:\/\/www.worldfuturecouncil.org\/de\/catherine-pearce\/","og_locale":"de_DE","og_type":"article","og_title":"Catherine Pearce - World Future Council","og_description":"Catherine hat einen Hintergrund in internationaler Klimapolitik, um starke Klimaschutzma\u00dfnahmen und Klimagerechtigkeit f\u00fcr eine faire","og_url":"https:\/\/www.worldfuturecouncil.org\/de\/catherine-pearce\/","og_site_name":"World Future Council","article_published_time":"2023-05-25T12:33:04+00:00","article_modified_time":"2025-12-04T12:48:07+00:00","og_image":[{"width":1030,"height":1030,"url":"https:\/\/www.worldfuturecouncil.org\/wp-content\/uploads\/2023\/04\/Catherine-Pearce-profile-pic-1030x1030.png","type":"image\/png"}],"author":"Damian Cramer","twitter_card":"summary_large_image","twitter_misc":{"Verfasst von":"Damian Cramer","Gesch\u00e4tzte Lesezeit":"2\u00a0Minuten"},"schema":{"@context":"https:\/\/schema.org","@graph":[{"@type":"Article","@id":"https:\/\/www.worldfuturecouncil.org\/de\/catherine-pearce\/#article","isPartOf":{"@id":"https:\/\/www.worldfuturecouncil.org\/de\/catherine-pearce\/"},"author":{"name":"Damian Cramer","@id":"https:\/\/www.worldfuturecouncil.org\/#\/schema\/person\/314be8521650bd44e38780fddf419b30"},"headline":"Catherine Pearce","datePublished":"2023-05-25T12:33:04+00:00","dateModified":"2025-12-04T12:48:07+00:00","mainEntityOfPage":{"@id":"https:\/\/www.worldfuturecouncil.org\/de\/catherine-pearce\/"},"wordCount":1171,"image":{"@id":"https:\/\/www.worldfuturecouncil.org\/de\/catherine-pearce\/#primaryimage"},"thumbnailUrl":"https:\/\/www.worldfuturecouncil.org\/wp-content\/uploads\/2023\/04\/Catherine-Pearce-profile-pic.png","keywords":["Consultans","Consultants"],"articleSection":["Unkategorisiert"],"inLanguage":"de"},{"@type":"WebPage","@id":"https:\/\/www.worldfuturecouncil.org\/de\/catherine-pearce\/","url":"https:\/\/www.worldfuturecouncil.org\/de\/catherine-pearce\/","name":"Catherine Pearce - World Future Council","isPartOf":{"@id":"https:\/\/www.worldfuturecouncil.org\/#website"},"primaryImageOfPage":{"@id":"https:\/\/www.worldfuturecouncil.org\/de\/catherine-pearce\/#primaryimage"},"image":{"@id":"https:\/\/www.worldfuturecouncil.org\/de\/catherine-pearce\/#primaryimage"},"thumbnailUrl":"https:\/\/www.worldfuturecouncil.org\/wp-content\/uploads\/2023\/04\/Catherine-Pearce-profile-pic.png","datePublished":"2023-05-25T12:33:04+00:00","dateModified":"2025-12-04T12:48:07+00:00","author":{"@id":"https:\/\/www.worldfuturecouncil.org\/#\/schema\/person\/314be8521650bd44e38780fddf419b30"},"description":"Catherine hat einen Hintergrund in internationaler Klimapolitik, um starke Klimaschutzma\u00dfnahmen und Klimagerechtigkeit f\u00fcr eine faire","inLanguage":"de","potentialAction":[{"@type":"ReadAction","target":["https:\/\/www.worldfuturecouncil.org\/de\/catherine-pearce\/"]}]},{"@type":"ImageObject","inLanguage":"de","@id":"https:\/\/www.worldfuturecouncil.org\/de\/catherine-pearce\/#primaryimage","url":"https:\/\/www.worldfuturecouncil.org\/wp-content\/uploads\/2023\/04\/Catherine-Pearce-profile-pic.png","contentUrl":"https:\/\/www.worldfuturecouncil.org\/wp-content\/uploads\/2023\/04\/Catherine-Pearce-profile-pic.png","width":1600,"height":1600,"caption":"Catherine Pearce profile pic"},{"@type":"WebSite","@id":"https:\/\/www.worldfuturecouncil.org\/#website","url":"https:\/\/www.worldfuturecouncil.org\/","name":"World Future Council","description":"Solutions for our Common Future","potentialAction":[{"@type":"SearchAction","target":{"@type":"EntryPoint","urlTemplate":"https:\/\/www.worldfuturecouncil.org\/?s={search_term_string}"},"query-input":{"@type":"PropertyValueSpecification","valueRequired":true,"valueName":"search_term_string"}}],"inLanguage":"de"},{"@type":"Person","@id":"https:\/\/www.worldfuturecouncil.org\/#\/schema\/person\/314be8521650bd44e38780fddf419b30","name":"Damian Cramer","image":{"@type":"ImageObject","inLanguage":"de","@id":"https:\/\/www.worldfuturecouncil.org\/#\/schema\/person\/image\/","url":"https:\/\/secure.gravatar.com\/avatar\/cc30f4e4dc09cfac9016973bb7acbf21e51bca875f4f1a87ef413caa38147247?s=96&d=mm&r=g","contentUrl":"https:\/\/secure.gravatar.com\/avatar\/cc30f4e4dc09cfac9016973bb7acbf21e51bca875f4f1a87ef413caa38147247?s=96&d=mm&r=g","caption":"Damian Cramer"},"url":"https:\/\/www.worldfuturecouncil.org\/de\/author\/damian_wfc\/"}]}},"_links":{"self":[{"href":"https:\/\/www.worldfuturecouncil.org\/de\/wp-json\/wp\/v2\/posts\/46970","targetHints":{"allow":["GET"]}}],"collection":[{"href":"https:\/\/www.worldfuturecouncil.org\/de\/wp-json\/wp\/v2\/posts"}],"about":[{"href":"https:\/\/www.worldfuturecouncil.org\/de\/wp-json\/wp\/v2\/types\/post"}],"author":[{"embeddable":true,"href":"https:\/\/www.worldfuturecouncil.org\/de\/wp-json\/wp\/v2\/users\/16"}],"replies":[{"embeddable":true,"href":"https:\/\/www.worldfuturecouncil.org\/de\/wp-json\/wp\/v2\/comments?post=46970"}],"version-history":[{"count":3,"href":"https:\/\/www.worldfuturecouncil.org\/de\/wp-json\/wp\/v2\/posts\/46970\/revisions"}],"predecessor-version":[{"id":55543,"href":"https:\/\/www.worldfuturecouncil.org\/de\/wp-json\/wp\/v2\/posts\/46970\/revisions\/55543"}],"wp:featuredmedia":[{"embeddable":true,"href":"https:\/\/www.worldfuturecouncil.org\/de\/wp-json\/wp\/v2\/media\/55540"}],"wp:attachment":[{"href":"https:\/\/www.worldfuturecouncil.org\/de\/wp-json\/wp\/v2\/media?parent=46970"}],"wp:term":[{"taxonomy":"category","embeddable":true,"href":"https:\/\/www.worldfuturecouncil.org\/de\/wp-json\/wp\/v2\/categories?post=46970"},{"taxonomy":"post_tag","embeddable":true,"href":"https:\/\/www.worldfuturecouncil.org\/de\/wp-json\/wp\/v2\/tags?post=46970"}],"curies":[{"name":"wp","href":"https:\/\/api.w.org\/{rel}","templated":true}]}}