{"id":37900,"date":"2021-03-24T12:46:31","date_gmt":"2021-03-24T10:46:31","guid":{"rendered":"https:\/\/www.worldfuturecouncil.org\/ein-weltweiter-aufruf-fur-das-recht-auf-eine-gesunde-umwelt\/"},"modified":"2023-10-23T11:59:51","modified_gmt":"2023-10-23T09:59:51","slug":"weltweiter-aufruf-fur-das-recht-auf-eine-gesunde-umwelt","status":"publish","type":"post","link":"https:\/\/www.worldfuturecouncil.org\/de\/weltweiter-aufruf-fur-das-recht-auf-eine-gesunde-umwelt\/","title":{"rendered":"Ein weltweiter Aufruf f\u00fcr das Recht auf eine Gesunde Umwelt"},"content":{"rendered":"\n<style type=\"text\/css\" data-created_by=\"avia_inline_auto\" id=\"style-css-av-av_one_full-79ff81c021393065cee878051452f6a6\">\n.flex_column.av-av_one_full-79ff81c021393065cee878051452f6a6{\nborder-radius:0px 0px 0px 0px;\npadding:0px 0px 0px 0px;\n}\n<\/style>\n<div  class='flex_column av-av_one_full-79ff81c021393065cee878051452f6a6 av_one_full  avia-builder-el-0  avia-builder-el-no-sibling  first flex_column_div av-zero-column-padding  '     ><p>\n<style type=\"text\/css\" data-created_by=\"avia_inline_auto\" id=\"style-css-av-av_heading-71ad101c6465076700197eae2a43e214\">\n#top .av-special-heading.av-av_heading-71ad101c6465076700197eae2a43e214{\npadding-bottom:10px;\n}\nbody .av-special-heading.av-av_heading-71ad101c6465076700197eae2a43e214 .av-special-heading-tag .heading-char{\nfont-size:25px;\n}\n.av-special-heading.av-av_heading-71ad101c6465076700197eae2a43e214 .av-subheading{\nfont-size:15px;\n}\n<\/style>\n<div  class='av-special-heading av-av_heading-71ad101c6465076700197eae2a43e214 av-special-heading-h2  avia-builder-el-1  el_before_av_hr  avia-builder-el-first '><h2 class='av-special-heading-tag '  itemprop=\"headline\"  >Ein weltweiter Aufruf f\u00fcr das Recht auf eine gesunde Umwelt<\/h2><div class=\"special-heading-border\"><div class=\"special-heading-inner-border\"><\/div><\/div><\/div><br \/>\n\n<style type=\"text\/css\" data-created_by=\"avia_inline_auto\" id=\"style-css-av-kng11ngm-4534a533005cc712c18ed34047918bc3\">\n#top .hr.hr-invisible.av-kng11ngm-4534a533005cc712c18ed34047918bc3{\nheight:25px;\n}\n<\/style>\n<div  class='hr av-kng11ngm-4534a533005cc712c18ed34047918bc3 hr-invisible  avia-builder-el-2  el_after_av_heading  el_before_av_textblock '><span class='hr-inner '><span class=\"hr-inner-style\"><\/span><\/span><\/div><br \/>\n<section  class='av_textblock_section av-kmnc60d8-664d65c0f0fbf73b5dcc45168e349c4a '   itemscope=\"itemscope\" itemtype=\"https:\/\/schema.org\/BlogPosting\" itemprop=\"blogPost\" ><div class='avia_textblock'  itemprop=\"text\" ><p style=\"text-align: left;\"><span class=\"TextRun SCXW206637017 BCX0\" lang=\"DE-DE\" xml:lang=\"DE-DE\" data-contrast=\"auto\"><span class=\"NormalTextRun SCXW206637017 BCX0\">Das Recht auf eine gesunde Umwelt ist in \u00fcber 100 L\u00e4ndern\u202fdurch die Verfassung gesch\u00fctzt. Weitere 62 L\u00e4nder beziehen sich in ihren\u202fVerfassungen\u202fauf <\/span><\/span><span class=\"TextRun SCXW206637017 BCX0\" lang=\"DE-DE\" xml:lang=\"DE-DE\" data-contrast=\"auto\"><span class=\"NormalTextRun CommentStart SCXW206637017 BCX0\">eine\u00a0<\/span><\/span><span class=\"TextRun SCXW206637017 BCX0\" lang=\"DE-DE\" xml:lang=\"DE-DE\" data-contrast=\"auto\"><span class=\"NormalTextRun SCXW206637017 BCX0\">gesunde Umwelt,\u202faber\u202fdas Recht ist nicht gesetzlich verankert. Auch in den Internationalen Menschenrechtsabkommen<\/span><\/span><span class=\"TextRun SCXW206637017 BCX0\" lang=\"DE-DE\" xml:lang=\"DE-DE\" data-contrast=\"auto\"><span class=\"NormalTextRun SCXW206637017 BCX0\">,<\/span><\/span><span class=\"TextRun SCXW206637017 BCX0\" lang=\"DE-DE\" xml:lang=\"DE-DE\" data-contrast=\"auto\"><span class=\"NormalTextRun SCXW206637017 BCX0\"> wie der <\/span><\/span><span class=\"TextRun SCXW206637017 BCX0\" lang=\"DE-DE\" xml:lang=\"DE-DE\" data-contrast=\"auto\"><span class=\"NormalTextRun SCXW206637017 BCX0\">A<\/span><\/span><span class=\"TextRun SCXW206637017 BCX0\" lang=\"DE-DE\" xml:lang=\"DE-DE\" data-contrast=\"auto\"><span class=\"NormalTextRun SCXW206637017 BCX0\">llgemeinen<\/span><\/span><span class=\"TextRun SCXW206637017 BCX0\" lang=\"DE-DE\" xml:lang=\"DE-DE\" data-contrast=\"auto\"><span class=\"NormalTextRun SCXW206637017 BCX0\">\u202fErkl\u00e4rung der Menschenrechte, dem \u202fInternationale Pakt \u00fcber b\u00fcrgerliche und politische Rechte, dem Internationaler Pakt \u00fcber wirtschaftliche, soziale und kulturelle Rechte\u202fund die\u202fUN-<\/span><\/span><span class=\"TextRun SCXW206637017 BCX0\" lang=\"DE-DE\" xml:lang=\"DE-DE\" data-contrast=\"auto\"><span class=\"NormalTextRun SCXW206637017 BCX0\">Konvention \u00fcber die Rechte des Kindes<\/span><\/span><span class=\"TextRun SCXW206637017 BCX0\" lang=\"DE-DE\" xml:lang=\"DE-DE\" data-contrast=\"auto\"><span class=\"NormalTextRun SCXW206637017 BCX0\">\u202fwird das\u202fRecht nicht<\/span><\/span><span class=\"TextRun SCXW206637017 BCX0\" lang=\"DE-DE\" xml:lang=\"DE-DE\" data-contrast=\"auto\"><span class=\"NormalTextRun SCXW206637017 BCX0\">\u00a0(explizit)<\/span><\/span><span class=\"TextRun SCXW206637017 BCX0\" lang=\"DE-DE\" xml:lang=\"DE-DE\" data-contrast=\"auto\"><span class=\"NormalTextRun SCXW206637017 BCX0\">\u00a0erw\u00e4hnt.\u202f\u202f<\/span><\/span><span class=\"EOP SCXW206637017 BCX0\" data-ccp-props=\"{\">\u00a0<\/span><\/p>\n<p style=\"text-align: left;\"><span class=\"TextRun SCXW166252416 BCX0\" lang=\"DE-DE\" xml:lang=\"DE-DE\" data-contrast=\"auto\"><span class=\"NormalTextRun SCXW166252416 BCX0\">Der\u00a0<\/span><\/span><span class=\"TextRun SCXW166252416 BCX0\" lang=\"DE-DE\" xml:lang=\"DE-DE\" data-contrast=\"auto\"><span class=\"NormalTextRun SCXW166252416 BCX0\">UN-<\/span><\/span><span class=\"TextRun SCXW166252416 BCX0\" lang=\"DE-DE\" xml:lang=\"DE-DE\" data-contrast=\"auto\"><span class=\"NormalTextRun SCXW166252416 BCX0\">Sonderberichterstatter f\u00fcr Menschenrechte und Umwelt, David Boyd, erkl\u00e4rt\u202fes wie folgt: \u201eDas Bewusstsein der Gesellschaft \u00fcber das Ausma\u00df, Tempo und die negativen Folgen der Umweltzerst\u00f6rung\u202fwar\u202fzu dem Zeitpunkt, als die Menschenrechte verfasst wurden, noch nicht so weit fortgeschritten,\u202fals\u202fdass\u202fes die Einbeziehung \u00f6kologischer Bedenken gerechtfertigt h\u00e4tte.\u201c\u202f<\/span><\/span><span class=\"EOP SCXW166252416 BCX0\" data-ccp-props=\"{\">\u00a0<\/span><\/p>\n<p style=\"text-align: left;\"><span data-contrast=\"none\">Erstmals wird dieses Recht in der <\/span><span data-contrast=\"none\"><span style=\"color: #fcbb2c;\"><a style=\"color: #fcbb2c;\" href=\"https:\/\/documents-dds-ny.un.org\/doc\/UNDOC\/GEN\/NL7\/300\/05\/PDF\/NL730005.pdf?OpenElement\">Stockholmer Erkl\u00e4rung von 1972<\/a><\/span>\u00a0<\/span><span data-contrast=\"none\">im\u00a0<\/span><span data-contrast=\"none\">ersten Artikel erw\u00e4hnt: <\/span><span data-ccp-props=\"{\">\u00a0<\/span><\/p>\n<p style=\"text-align: left; padding-left: 40px;\"><em><span class=\"TextRun BCX0 SCXW220494470\" lang=\"EN-GB\" xml:lang=\"EN-GB\" data-contrast=\"auto\"><span class=\"NormalTextRun BCX0 SCXW220494470\">&#8220;Man has the fundamental right to freedom, equality,\u202fand adequate conditions of life, in an environment of a quality that permits a life of dignity and well-being, and he bears a solemn responsibility to protect and improve the environment for present and future generations.&#8221; <\/span><\/span><\/em><span class=\"TextRun BCX0 SCXW220494470\" lang=\"DE-DE\" xml:lang=\"DE-DE\" data-contrast=\"auto\"><span class=\"NormalTextRun BCX0 SCXW220494470\">(Original)<\/span><\/span><\/p>\n<p style=\"text-align: left; padding-left: 40px;\"><em><span class=\"TextRun SCXW207706864 BCX0\" lang=\"DE-DE\" xml:lang=\"DE-DE\" data-contrast=\"auto\"><span class=\"NormalTextRun SCXW207706864 BCX0\">(Eigene \u00dcbersetzung: &#8220;Der Mensch hat das Grundrecht auf Freiheit, Gleichheit und angemessene Lebens- bedingungen in einer Umwelt, welche ein Leben in W\u00fcrde und Wohlbefinden erm\u00f6glicht, und er tr\u00e4gt eine feierliche Verantwortung f\u00fcr den Schutz und die Verbesserung der Umwelt f\u00fcr heutige und zuk\u00fcnftige Generationen.&#8221;)\u202f<\/span><\/span><span class=\"TextRun SCXW207706864 BCX0\" lang=\"DE-DE\" xml:lang=\"DE-DE\" data-contrast=\"auto\"><span class=\"NormalTextRun SCXW207706864 BCX0\">\u202f<\/span><\/span><span class=\"EOP SCXW207706864 BCX0\" data-ccp-props=\"{\">\u00a0<\/span><\/em><\/p>\n<p style=\"text-align: left;\"><span class=\"TextRun SCXW163235301 BCX0\" lang=\"DE-DE\" xml:lang=\"DE-DE\" data-contrast=\"auto\"><span class=\"NormalTextRun SCXW163235301 BCX0\">Heute, etwa\u202f60 Jahre nachdem die\u202fErkl\u00e4rung<\/span><\/span><span class=\"TextRun SCXW163235301 BCX0\" lang=\"DE-DE\" xml:lang=\"DE-DE\" data-contrast=\"auto\"><span class=\"NormalTextRun SCXW163235301 BCX0\">en<\/span><\/span><span class=\"TextRun SCXW163235301 BCX0\" lang=\"DE-DE\" xml:lang=\"DE-DE\" data-contrast=\"auto\"><span class=\"NormalTextRun SCXW163235301 BCX0\">\u202fgeschrieben wurde<\/span><\/span><span class=\"TextRun SCXW163235301 BCX0\" lang=\"DE-DE\" xml:lang=\"DE-DE\" data-contrast=\"auto\"><span class=\"NormalTextRun SCXW163235301 BCX0\">n<\/span><\/span><span class=\"TextRun SCXW163235301 BCX0\" lang=\"DE-DE\" xml:lang=\"DE-DE\" data-contrast=\"auto\"><span class=\"NormalTextRun SCXW163235301 BCX0\">,\u202f<\/span><\/span><span class=\"TextRun SCXW163235301 BCX0\" lang=\"DE-DE\" xml:lang=\"DE-DE\" data-contrast=\"auto\"><span class=\"NormalTextRun SCXW163235301 BCX0\">kann<\/span><\/span><span class=\"TextRun SCXW163235301 BCX0\" lang=\"DE-DE\" xml:lang=\"DE-DE\" data-contrast=\"auto\"><span class=\"NormalTextRun SCXW163235301 BCX0\">\u00a0die<\/span><\/span><span class=\"TextRun SCXW163235301 BCX0\" lang=\"DE-DE\" xml:lang=\"DE-DE\" data-contrast=\"auto\"><span class=\"NormalTextRun SCXW163235301 BCX0\">\u00a0Wissenschaft\u00a0<\/span><\/span><span class=\"TextRun SCXW163235301 BCX0\" lang=\"DE-DE\" xml:lang=\"DE-DE\" data-contrast=\"auto\"><span class=\"NormalTextRun SCXW163235301 BCX0\">belegen<\/span><\/span><span class=\"TextRun SCXW163235301 BCX0\" lang=\"DE-DE\" xml:lang=\"DE-DE\" data-contrast=\"auto\"><span class=\"NormalTextRun SCXW163235301 BCX0\">, welche Nachteile\u202fsich\u202ff\u00fcr\u202fdie\u202fErde und die\u202fMenschheit du<\/span><\/span><span class=\"TextRun SCXW163235301 BCX0\" lang=\"DE-DE\" xml:lang=\"DE-DE\" data-contrast=\"auto\"><span class=\"NormalTextRun SCXW163235301 BCX0\">rch den vom Menschen verursachten Klimawandel\u202f ergeben.\u202f <\/span><\/span><span class=\"TextRun SCXW163235301 BCX0\" lang=\"DE-DE\" xml:lang=\"DE-DE\" data-contrast=\"auto\"><span class=\"NormalTextRun SCXW163235301 BCX0\">Weltweit<\/span><\/span><span class=\"TextRun SCXW163235301 BCX0\" lang=\"DE-DE\" xml:lang=\"DE-DE\" data-contrast=\"auto\"><span class=\"NormalTextRun SCXW163235301 BCX0\">\u00a0verschwinden<\/span><\/span><span class=\"TextRun SCXW163235301 BCX0\" lang=\"DE-DE\" xml:lang=\"DE-DE\" data-contrast=\"auto\"><span class=\"NormalTextRun SCXW163235301 BCX0\">\u00a0<\/span><\/span><span class=\"TextRun SCXW163235301 BCX0\" lang=\"DE-DE\" xml:lang=\"DE-DE\" data-contrast=\"auto\"><span class=\"NormalTextRun SCXW163235301 BCX0\">\u00d6kosysteme und Artenvielfalt<\/span><\/span><span class=\"TextRun SCXW163235301 BCX0\" lang=\"DE-DE\" xml:lang=\"DE-DE\" data-contrast=\"auto\"><span class=\"NormalTextRun SCXW163235301 BCX0\">.\u00a0<\/span><\/span><span class=\"TextRun SCXW163235301 BCX0\" lang=\"DE-DE\" xml:lang=\"DE-DE\" data-contrast=\"auto\"><span class=\"NormalTextRun SCXW163235301 BCX0\">W<\/span><\/span><span class=\"TextRun SCXW163235301 BCX0\" lang=\"DE-DE\" xml:lang=\"DE-DE\" data-contrast=\"auto\"><span class=\"NormalTextRun SCXW163235301 BCX0\">ir<\/span><\/span><span class=\"TextRun SCXW163235301 BCX0\" lang=\"DE-DE\" xml:lang=\"DE-DE\" data-contrast=\"auto\"><span class=\"NormalTextRun SCXW163235301 BCX0\">\u00a0m\u00fcssen<\/span><\/span><span class=\"TextRun SCXW163235301 BCX0\" lang=\"DE-DE\" xml:lang=\"DE-DE\" data-contrast=\"auto\"><span class=\"NormalTextRun SCXW163235301 BCX0\">\u202fjetzt handeln, unseren Kindern und zuk\u00fcnftigen Generationen zuliebe<\/span><\/span><span class=\"TextRun SCXW163235301 BCX0\" lang=\"DE-DE\" xml:lang=\"DE-DE\" data-contrast=\"auto\"><span class=\"NormalTextRun SCXW163235301 BCX0\">!<\/span><\/span><span class=\"EOP SCXW163235301 BCX0\" data-ccp-props=\"{\">\u00a0<\/span><\/p>\n<blockquote>\n<p><em><img loading=\"lazy\" decoding=\"async\" class=\" wp-image-22004 alignleft\" src=\"http:\/\/files.worldfuturecouncil.org\/wp-content\/uploads\/2018\/06\/MF-Espinosa-picture.jpg\" alt=\"\" width=\"146\" height=\"146\" srcset=\"https:\/\/www.worldfuturecouncil.org\/wp-content\/uploads\/2018\/06\/MF-Espinosa-picture.jpg 500w, https:\/\/www.worldfuturecouncil.org\/wp-content\/uploads\/2018\/06\/MF-Espinosa-picture-80x80.jpg 80w, https:\/\/www.worldfuturecouncil.org\/wp-content\/uploads\/2018\/06\/MF-Espinosa-picture-300x300.jpg 300w, https:\/\/www.worldfuturecouncil.org\/wp-content\/uploads\/2018\/06\/MF-Espinosa-picture-36x36.jpg 36w, https:\/\/www.worldfuturecouncil.org\/wp-content\/uploads\/2018\/06\/MF-Espinosa-picture-180x180.jpg 180w, https:\/\/www.worldfuturecouncil.org\/wp-content\/uploads\/2018\/06\/MF-Espinosa-picture-120x120.jpg 120w, https:\/\/www.worldfuturecouncil.org\/wp-content\/uploads\/2018\/06\/MF-Espinosa-picture-450x450.jpg 450w\" sizes=\"auto, (max-width: 146px) 100vw, 146px\" \/>&#8220;Die Klimakrise bedroht unsere Umwelt, das menschliche Wohlergehen und die Zukunft unserer Jugend. Wir m\u00fcssen handeln, bevor es zu sp\u00e4t ist. Die Zeit ist reif, das Recht auf eine gesunde Umwelt anzuerkennen.&#8221;<br \/>\n<\/em><\/p>\n<\/blockquote>\n<p style=\"text-align: left; padding-left: 40px;\"><em>Mar\u00eda Fernanda Espinosa Garc\u00e9s, Pr\u00e4sidentin der 73. Sitzung der Generalversammlung der Vereinten Nationen, Ratsmitglied, World Future Council<\/em><\/p>\n<p style=\"text-align: left;\"><span class=\"TextRun SCXW242714019 BCX0\" lang=\"DE-DE\" xml:lang=\"DE-DE\" data-contrast=\"auto\"><span class=\"NormalTextRun SCXW242714019 BCX0\">Das Recht auf eine gesunde Umwelt erfordert die Anerkennung genau dieser Tatsache: dass unsere\u00a0<\/span><\/span><span class=\"TextRun SCXW242714019 BCX0\" lang=\"DE-DE\" xml:lang=\"DE-DE\" data-contrast=\"auto\"><span class=\"NormalTextRun SCXW242714019 BCX0\">Umwelt sicher, sauber, gesund und nachhaltig sein sollte. Jede Ma\u00dfnahme sollte dem &#8220;Do\u00a0<\/span><\/span><span class=\"TextRun SCXW242714019 BCX0\" lang=\"DE-DE\" xml:lang=\"DE-DE\" data-contrast=\"auto\"><span class=\"NormalTextRun SpellingErrorV2 SCXW242714019 BCX0\">no<\/span><\/span><span class=\"TextRun SCXW242714019 BCX0\" lang=\"DE-DE\" xml:lang=\"DE-DE\" data-contrast=\"auto\"><span class=\"NormalTextRun SCXW242714019 BCX0\">\u00a0<\/span><\/span><span class=\"TextRun SCXW242714019 BCX0\" lang=\"DE-DE\" xml:lang=\"DE-DE\" data-contrast=\"auto\"><span class=\"NormalTextRun SpellingErrorV2 SCXW242714019 BCX0\">harm<\/span><\/span><span class=\"TextRun SCXW242714019 BCX0\" lang=\"DE-DE\" xml:lang=\"DE-DE\" data-contrast=\"auto\"><span class=\"NormalTextRun SCXW242714019 BCX0\">&#8220;-Prinzip<\/span><\/span><span class=\"TextRun SCXW242714019 BCX0\" lang=\"DE-DE\" xml:lang=\"DE-DE\" data-contrast=\"auto\"><span class=\"NormalTextRun SCXW242714019 BCX0\">\u00a0(Grundsatz der Schadensvermeidung)<\/span><\/span><span class=\"TextRun SCXW242714019 BCX0\" lang=\"DE-DE\" xml:lang=\"DE-DE\" data-contrast=\"auto\"><span class=\"NormalTextRun SCXW242714019 BCX0\">\u00a0folgen und das Prinzip der Generationengerechtigkeit einhalten. Diese Prinzipien erfordern, dass nat\u00fcrliche Ressourcen und \u00d6kosysteme gesch\u00fctzt werden, damit heutige und zuk\u00fcnftige Generationen ihre Menschenrechte in vollem Umfang genie\u00dfen k\u00f6nnen, und um die Ziele f\u00fcr nachhaltige Entwicklung zu erreichen.<\/span><\/span><span class=\"EOP SCXW242714019 BCX0\" data-ccp-props=\"{\">\u00a0<\/span><\/p>\n<p style=\"text-align: left;\"><span class=\"TextRun SCXW93586105 BCX0\" lang=\"DE-DE\" xml:lang=\"DE-DE\" data-contrast=\"auto\"><span class=\"NormalTextRun SCXW93586105 BCX0\">Zu diesem Zweck hat sich eine internationale Koalition aus zivilgesellschaftlichen<\/span><\/span><span class=\"TextRun SCXW93586105 BCX0\" lang=\"DE-DE\" xml:lang=\"DE-DE\" data-contrast=\"auto\"><span class=\"NormalTextRun SCXW93586105 BCX0\">\u00a0Organisationen, sozialen\u00a0<\/span><\/span><span class=\"TextRun SCXW93586105 BCX0\" lang=\"DE-DE\" xml:lang=\"DE-DE\" data-contrast=\"auto\"><span class=\"NormalTextRun SCXW93586105 BCX0\">und indigenen\u00a0<\/span><\/span><span class=\"TextRun SCXW93586105 BCX0\" lang=\"DE-DE\" xml:lang=\"DE-DE\" data-contrast=\"auto\"><span class=\"NormalTextRun SCXW93586105 BCX0\">Bewegungen<\/span><\/span><span class=\"TextRun SCXW93586105 BCX0\" lang=\"DE-DE\" xml:lang=\"DE-DE\" data-contrast=\"auto\"><span class=\"NormalTextRun SCXW93586105 BCX0\">\u00a0und\u00a0<\/span><\/span><span class=\"TextRun SCXW93586105 BCX0\" lang=\"DE-DE\" xml:lang=\"DE-DE\" data-contrast=\"auto\"><span class=\"NormalTextRun SCXW93586105 BCX0\">lokalen Gemeinschaften\u00a0<\/span><\/span><span class=\"TextRun SCXW93586105 BCX0\" lang=\"DE-DE\" xml:lang=\"DE-DE\" data-contrast=\"auto\"><span class=\"NormalTextRun SCXW93586105 BCX0\">zusammengeschlossen, um den Menschenrechtsrat der Vereinten Nationen aufzufordern, unverz\u00fcglich das Menschenrecht auf eine sichere, saubere, gesunde und nachhaltige Umwelt anzuerkennen. Dies h\u00e4tte\u202fzur Folge, dass der Schutz f\u00fcr die\u202fam meisten gef\u00e4hrdeten Personen, wie Frauen, Kinder und indigene V\u00f6lker, verst\u00e4rkt wird.\u202f<\/span><\/span><span class=\"EOP SCXW93586105 BCX0\" data-ccp-props=\"{\">\u00a0<\/span><\/p>\n<p style=\"text-align: left;\"><span class=\"TextRun SCXW69563596 BCX0\" lang=\"DE-DE\" xml:lang=\"DE-DE\" data-contrast=\"none\"><span class=\"NormalTextRun SCXW69563596 BCX0\"><span class=\"TextRun SCXW28263162 BCX0\" lang=\"DE-DE\" xml:lang=\"DE-DE\" data-contrast=\"auto\"><span class=\"NormalTextRun SCXW28263162 BCX0\">Der Menschenrechtsrat der Vereinten Nationen trifft sich jedes Jahr im September. Der erste Brief dieser Koalition wurde am 10. September 2020 verschickt und wurde bisher von 1.097 <\/span><\/span><span class=\"TextRun SCXW28263162 BCX0\" lang=\"DE-DE\" xml:lang=\"DE-DE\" data-contrast=\"auto\"><span class=\"NormalTextRun SCXW28263162 BCX0\">Organisationen unterzeichnet.\u00a0<\/span><\/span><span class=\"TextRun SCXW28263162 BCX0\" lang=\"DE-DE\" xml:lang=\"DE-DE\" data-contrast=\"auto\"><span class=\"NormalTextRun SpellingErrorV2 SCXW28263162 BCX0\">Der\u201eWorld<\/span><\/span><span class=\"TextRun SCXW28263162 BCX0\" lang=\"DE-DE\" xml:lang=\"DE-DE\" data-contrast=\"auto\"><span class=\"NormalTextRun SCXW28263162 BCX0\"> Future Council\u201c\u202fist ein Unterzeichner des Briefes. <\/span><\/span><span class=\"TextRun SCXW28263162 BCX0\" lang=\"DE-DE\" xml:lang=\"DE-DE\" data-contrast=\"auto\"><span class=\"NormalTextRun SCXW28263162 BCX0\">Interessierte\u00a0<\/span><\/span><span class=\"TextRun SCXW28263162 BCX0\" lang=\"DE-DE\" xml:lang=\"DE-DE\" data-contrast=\"auto\"><span class=\"NormalTextRun SCXW28263162 BCX0\">Organisationen k\u00f6nnen den Brief\u202funter\u202f<\/span><\/span> <\/span><\/span><span class=\"TextRun SCXW69563596 BCX0\" lang=\"DE-DE\" xml:lang=\"DE-DE\" data-contrast=\"none\"><span class=\"NormalTextRun SCXW69563596 BCX0\"><span style=\"color: #fcbb2c;\"><a style=\"color: #fcbb2c;\" href=\"http:\/\/healthyenvironmentisaright.org\/\">diesem Link<\/a><\/span>\u00a0<\/span><\/span><span class=\"TextRun SCXW69563596 BCX0\" lang=\"DE-DE\" xml:lang=\"DE-DE\" data-contrast=\"none\"><span class=\"NormalTextRun SCXW69563596 BCX0\">unterzeichnen.<\/span><\/span><span class=\"EOP SCXW69563596 BCX0\" data-ccp-props=\"{\">\u00a0<\/span><\/p>\n<p style=\"text-align: left; padding-left: 40px;\"><em><span class=\"TextRun SCXW134830197 BCX0\" lang=\"DE-DE\" xml:lang=\"DE-DE\" data-contrast=\"auto\"><span class=\"NormalTextRun SCXW134830197 BCX0\">Eine gesunde Umwelt ist\u202fessenziell\u202ff\u00fcr das Leben und die W\u00fcrde\u202fjedes\u202fMenschen. Die Luft, die wir atmen, das Wasser, das wir trinken, die Nahrung, die wir essen und das lebenserhaltende Klima, das wir genie\u00dfen, sind alle von gesunden, vielf\u00e4ltigen, integralen und funktionierenden \u00d6kosystemen abh\u00e4ngig. Angesichts der globalen Umweltkrise, die derzeit die Menschenrechte von Milliarden von Menschen auf unserem Planeten verletzt und gef\u00e4hrdet, ist die weltweite Anerkennung dieses Rechts eine Angelegenheit von \u00e4u\u00dferster Dringlichkeit. Wie wir alle wissen, gibt es keine Menschenrechte auf einem toten Planeten.&#8221;\u202f<\/span><\/span><span class=\"TextRun SCXW134830197 BCX0\" lang=\"DE-DE\" xml:lang=\"DE-DE\" data-contrast=\"auto\"><span class=\"NormalTextRun SCXW134830197 BCX0\">\u202f<\/span><\/span><span class=\"EOP SCXW134830197 BCX0\" data-ccp-props=\"{\">\u00a0<\/span><\/em><\/p>\n<p style=\"text-align: left;\">(Aus dem <span style=\"color: #fcbb2c;\"><a style=\"color: #fcbb2c;\" href=\"https:\/\/www.ciel.org\/wp-content\/uploads\/2020\/09\/Global-Call-for-the-UN-to-Recognize-the-Right-to-a-Healthy-Environment-English.pdf\">Brief<\/a><\/span>)<\/p>\n<p style=\"text-align: left;\"><span data-contrast=\"auto\">Ein weiterer H\u00f6hepunkt des zivilgesellschaftlichen Engagements\u00a0<\/span><span data-contrast=\"auto\">ist<\/span><span data-contrast=\"auto\">\u00a0die i<\/span><span data-contrast=\"auto\">m Oktober 2020 vom Menschenrechtsrat<\/span><span data-contrast=\"auto\">\u00a0<\/span><span data-contrast=\"auto\">verabschiedete\u00a0<\/span><span style=\"color: #fcbb2c;\"><a style=\"color: #fcbb2c;\" href=\"https:\/\/undocs.org\/en\/A\/HRC\/RES\/45\/30\">Resolution<\/a><\/span><span data-contrast=\"auto\"><span style=\"color: #fcbb2c;\">\u202f45\/<\/span><\/span><span data-contrast=\"auto\"><span style=\"color: #fcbb2c;\">30<\/span> &#8220;<\/span><span data-contrast=\"auto\">Rechte<\/span><span data-contrast=\"auto\">\u00a0des Kindes: Verwirklichung der Rechte des Kindes durch eine gesunde Umwelt&#8221;. Darin hei\u00dft\u202fes, der\u202fRat&#8230;\u202f<\/span><span data-ccp-props=\"{\">\u00a0<\/span><\/p>\n<p style=\"padding-left: 40px;\">4. fordert die Staaten nachdr\u00fccklich auf, die notwendigen Ma\u00dfnahmen zu ergreifen, um sicherzustellen, dass Kinder in den vollen Genuss aller ihrer Menschenrechte und Grundfreiheiten kommen, und sie durch wirksame Regulierungs- und Durchsetzungsmechanismen vor den Auswirkungen von Umweltsch\u00e4den zu sch\u00fctzen, indem sie unter anderem:<\/p>\n<p style=\"padding-left: 80px;\">(c) erw\u00e4gen, ein Recht auf eine gesunde Umwelt in der nationalen Gesetzgebung anzuerkennen, um die Justiziabilit\u00e4t zu f\u00f6rdern, die Rechenschaftspflicht zu st\u00e4rken und eine st\u00e4rkere Beteiligung zu erm\u00f6glichen, den Umweltschutz und die Umweltleistung zu verbessern und Rechte f\u00fcr gegenw\u00e4rtige und k\u00fcnftige Generationen sicherzustellen.<\/p>\n<p style=\"text-align: left;\"><span class=\"TextRun SCXW78416755 BCX0\" lang=\"DE-DE\" xml:lang=\"DE-DE\" data-contrast=\"auto\"><span class=\"NormalTextRun SCXW78416755 BCX0\">Dies<\/span><\/span><span class=\"TextRun SCXW78416755 BCX0\" lang=\"DE-DE\" xml:lang=\"DE-DE\" data-contrast=\"auto\"><span class=\"NormalTextRun SCXW78416755 BCX0\">e Resolution<\/span><\/span><span class=\"TextRun SCXW78416755 BCX0\" lang=\"DE-DE\" xml:lang=\"DE-DE\" data-contrast=\"auto\"><span class=\"NormalTextRun SCXW78416755 BCX0\"> ist eine historische Resolution,\u202fwelche \u202f<\/span><\/span><a class=\"Hyperlink SCXW78416755 BCX0\" href=\"https:\/\/www.childrenvironment.org\/blog\/un-adopts-resolution-on-childrens-rights-environment\" target=\"_blank\" rel=\"noreferrer noopener\"><span class=\"TextRun Underlined SCXW78416755 BCX0\" lang=\"DE-DE\" xml:lang=\"DE-DE\" data-contrast=\"none\"><span class=\"NormalTextRun SCXW78416755 BCX0\"><span style=\"color: #fcbb2c;\">die Notwendigkeit f\u00fcr die Staaten unterstreicht, Ma\u00dfnahmen zu<\/span>\u202f<\/span><\/span><\/a><span class=\"TextRun SCXW78416755 BCX0\" lang=\"DE-DE\" xml:lang=\"DE-DE\" data-contrast=\"none\"><span class=\"NormalTextRun SCXW78416755 BCX0\">ergreifen,\u202fum\u202fdie Rechte von Kindern und zuk\u00fcnftigen Generationen\u202fim Hinblick auf\u202fUmweltsch\u00e4den zu sch\u00fctzen!\u202f<\/span><\/span><span class=\"EOP SCXW78416755 BCX0\" data-ccp-props=\"{\">\u00a0<\/span><\/p>\n<blockquote>\n<p><em><img loading=\"lazy\" decoding=\"async\" class=\"wp-image-23063 alignleft\" src=\"http:\/\/files.worldfuturecouncil.org\/wp-content\/uploads\/2016\/01\/Otto.jpg\" alt=\"\" width=\"187\" height=\"133\" \/><\/em><\/p>\n<div>&#8220;Unsere Kinder und Enkelkinder verdienen es, auf einem nachhaltigen und friedlichen Planeten mit einer gesunden Umwelt zu leben. Um dies zu erreichen, ist es wichtig, ihre Rechte zu st\u00e4rken und sie zu bef\u00e4higen! Ich schlie\u00dfe mich daf\u00fcr dem Aufruf f\u00fcr das Recht auf eine gesunde Umwelt an.&#8221;<\/div>\n<\/blockquote>\n<p style=\"text-align: left; padding-left: 40px;\"><em>Prof. Dr. Otto, Mitgr\u00fcnder und Ehrenratsmitglied, World Future Council<\/em><\/p>\n<p style=\"text-align: left;\"><span class=\"TextRun SCXW214305401 BCX0\" lang=\"DE-DE\" xml:lang=\"DE-DE\" data-contrast=\"auto\"><span class=\"NormalTextRun SCXW214305401 BCX0\">Auf einer\u202fvor kurzem stattgefundenen\u202f<\/span><\/span><span style=\"color: #fcbb2c;\"><a style=\"color: #fcbb2c;\" href=\"https:\/\/www.universal-rights.org\/events-detail\/thetimeisnow\/\"><span class=\"FieldRange SCXW214305401 BCX0\"><span class=\"TextRun Underlined SCXW214305401 BCX0\" lang=\"DE-DE\" xml:lang=\"DE-DE\" data-contrast=\"none\"><span class=\"NormalTextRun SCXW214305401 BCX0\">hochrangigen <\/span><\/span><\/span><span class=\"TextRun SCXW214305401 BCX0\" lang=\"DE-DE\" xml:lang=\"DE-DE\" data-contrast=\"auto\"><span class=\"NormalTextRun SCXW214305401 BCX0\">UN-<\/span><\/span><span class=\"TextRun SCXW214305401 BCX0\" lang=\"DE-DE\" xml:lang=\"DE-DE\" data-contrast=\"auto\"><span class=\"NormalTextRun SCXW214305401 BCX0\">Veranstaltung <\/span><\/span><\/a><\/span><span class=\"TextRun SCXW214305401 BCX0\" lang=\"DE-DE\" xml:lang=\"DE-DE\" data-contrast=\"auto\"><span class=\"NormalTextRun SCXW214305401 BCX0\">wies Inger Anderson, Exekutivdirektorin des\u00a0<\/span><\/span><span class=\"TextRun SCXW214305401 BCX0\" lang=\"DE-DE\" xml:lang=\"DE-DE\" data-contrast=\"auto\"><span class=\"NormalTextRun SCXW214305401 BCX0\">Umweltprogramms der Vereinten Nationen (<\/span><\/span><span class=\"TextRun SCXW214305401 BCX0\" lang=\"DE-DE\" xml:lang=\"DE-DE\" data-contrast=\"auto\"><span class=\"NormalTextRun SCXW214305401 BCX0\">UNEP<\/span><\/span><span class=\"TextRun SCXW214305401 BCX0\" lang=\"DE-DE\" xml:lang=\"DE-DE\" data-contrast=\"auto\"><span class=\"NormalTextRun SCXW214305401 BCX0\">)<\/span><\/span><span class=\"TextRun SCXW214305401 BCX0\" lang=\"DE-DE\" xml:lang=\"DE-DE\" data-contrast=\"auto\"><span class=\"NormalTextRun SCXW214305401 BCX0\">, auf die drei<\/span><\/span><span class=\"TextRun SCXW214305401 BCX0\" lang=\"DE-DE\" xml:lang=\"DE-DE\" data-contrast=\"auto\"><span class=\"NormalTextRun SCXW214305401 BCX0\">\u00a0<\/span><\/span><span class=\"TextRun SCXW214305401 BCX0\" lang=\"DE-DE\" xml:lang=\"DE-DE\" data-contrast=\"auto\"><span class=\"NormalTextRun SCXW214305401 BCX0\">gro\u00dfen und miteinander verbundenen Krisen hin: Die Klimakrise, die Krise der biologischen Vielfalt und Natur,\u202fsowie die Verschmutzungs- und Abfallkrise.\u202f\u202fDurch das\u202fRecht auf eine<\/span><\/span><span class=\"TextRun SCXW214305401 BCX0\" lang=\"DE-DE\" xml:lang=\"DE-DE\" data-contrast=\"auto\"><span class=\"NormalTextRun SCXW214305401 BCX0\">\u00a0<\/span><\/span><span class=\"TextRun SCXW214305401 BCX0\" lang=\"DE-DE\" xml:lang=\"DE-DE\" data-contrast=\"auto\"><span class=\"NormalTextRun SCXW214305401 BCX0\">gesunde Umwelt und integrierte spezifische Ma\u00dfnahmen, kann diesen Krisen entgegengewirkt <\/span><\/span><span class=\"TextRun SCXW214305401 BCX0\" lang=\"DE-DE\" xml:lang=\"DE-DE\" data-contrast=\"auto\"><span class=\"NormalTextRun SCXW214305401 BCX0\">werden.\u202fLaut Anderson\u202fwird der\u202fglobale Aufruf der Koalition,\u202fdas<\/span><\/span><span class=\"TextRun SCXW214305401 BCX0\" lang=\"DE-DE\" xml:lang=\"DE-DE\" data-contrast=\"auto\"><span class=\"NormalTextRun SCXW214305401 BCX0\">\u202fRecht auf eine gesunde Umwelt anzuerkennen,\u202fauch dazu beitragen<\/span><\/span><span class=\"TextRun SCXW214305401 BCX0\" lang=\"DE-DE\" xml:lang=\"DE-DE\" data-contrast=\"auto\"><span class=\"NormalTextRun SCXW214305401 BCX0\">,<\/span><\/span><span class=\"TextRun SCXW214305401 BCX0\" lang=\"DE-DE\" xml:lang=\"DE-DE\" data-contrast=\"auto\"><span class=\"NormalTextRun SCXW214305401 BCX0\">\u202f Umweltgesetze\u202fauf\u202fdirekte Aktionen\u202fanzupassen und\u202fbessere<\/span><\/span><span class=\"TextRun SCXW214305401 BCX0\" lang=\"DE-DE\" xml:lang=\"DE-DE\" data-contrast=\"auto\"><span class=\"NormalTextRun SCXW214305401 BCX0\">\u00a0und nachhaltigere<\/span><\/span><span class=\"TextRun SCXW214305401 BCX0\" lang=\"DE-DE\" xml:lang=\"DE-DE\" data-contrast=\"auto\"><span class=\"NormalTextRun SCXW214305401 BCX0\">\u00a0\u00f6kologische\u202fResultate\u202fzu\u202ferzielen.\u202f<\/span><\/span><span class=\"EOP SCXW214305401 BCX0\" data-ccp-props=\"{\">\u00a0<\/span><\/p>\n<p style=\"text-align: left;\"><span class=\"TextRun SCXW69627356 BCX0\" lang=\"DE-DE\" xml:lang=\"DE-DE\" data-contrast=\"auto\"><span class=\"NormalTextRun SCXW69627356 BCX0\">Warum ist es wichtig, dass der Menschenrechtsrat das Recht auf eine gesunde Umwelt anerkennt? Der Menschenrechtsrat hat die einzigartige Aufgabe,\u00a0sich mit Menschenrechten und Bedrohungen jener zu befassen <\/span><\/span><span class=\"TextRun SCXW69627356 BCX0\" lang=\"DE-DE\" xml:lang=\"DE-DE\" data-contrast=\"auto\"><span class=\"NormalTextRun SCXW69627356 BCX0\">. Eine Anerkennung des\u202fRechts\u202fauf eine gesunde Umwelt\u202fdurch den Menschenrechtsrat w\u00fcrde die dringende Notwendigkeit effektiver Klimama\u00dfnahmen\u202fbetonen. Es w\u00fcrde\u202fden Weg f\u00fcr eine verst\u00e4rkte internationale Zusammenarbeit zur Bew\u00e4ltigung\u00a0<\/span><\/span><span class=\"TextRun SCXW69627356 BCX0\" lang=\"DE-DE\" xml:lang=\"DE-DE\" data-contrast=\"auto\"><span class=\"NormalTextRun SCXW69627356 BCX0\">von\u00a0<\/span><\/span><span class=\"TextRun SCXW69627356 BCX0\" lang=\"DE-DE\" xml:lang=\"DE-DE\" data-contrast=\"auto\"><span class=\"NormalTextRun SCXW69627356 BCX0\">Umweltzerst\u00f6rung<\/span><\/span><span class=\"TextRun SCXW69627356 BCX0\" lang=\"DE-DE\" xml:lang=\"DE-DE\" data-contrast=\"auto\"><span class=\"NormalTextRun SCXW69627356 BCX0\">en<\/span><\/span><span class=\"TextRun SCXW69627356 BCX0\" lang=\"DE-DE\" xml:lang=\"DE-DE\" data-contrast=\"auto\"><span class=\"NormalTextRun SCXW69627356 BCX0\">\u00a0ebnen, einschlie\u00dflich\u202fder\u202fBereitstellung von\u202fneuen\u202ftechnischen\u202fHilfen,\u202fKapazit\u00e4ten\u202fund\u202fAnleitungen, w\u00e4hrend gleichzeitig die\u202fschon\u202fbestehenden Bem\u00fchungen gegen den Klimawandel verst\u00e4rkt werden.\u202f<\/span><\/span><span class=\"EOP SCXW69627356 BCX0\" data-ccp-props=\"{\">\u00a0<\/span><\/p>\n<p style=\"text-align: left; padding-left: 40px;\"><em><span class=\"TextRun SCXW224775201 BCX0\" lang=\"DE-DE\" xml:lang=\"DE-DE\" data-contrast=\"auto\"><span class=\"NormalTextRun SCXW224775201 BCX0\">Indem der UN-Menschenrechtsrat dieses Recht<\/span><\/span><span class=\"TextRun SCXW224775201 BCX0\" lang=\"DE-DE\" xml:lang=\"DE-DE\" data-contrast=\"auto\"><span class=\"NormalTextRun SCXW224775201 BCX0\">\u202fals einen\u202fAnspruch\u202fauf eine sichere, saubere, gesunde und nachhaltige Umwelt beschlie\u00dft, wird er auf diesen Entwicklungen aufbauen. Das Recht wird\u202fzu einer gemeinsamen Basis zwischen den Staaten f\u00fchren. Diese Basis\u202fwird\u202fden Austausch von Erfahrungen und die Kl\u00e4rung von Verpflichtungen\u202ferleichtern,\u202fwelche sich aus\u202fUmwelt- und Menschenrechtsgesetzen ergeben.\u202f<\/span><\/span><span class=\"EOP SCXW224775201 BCX0\" data-ccp-props=\"{\">\u00a0<\/span><\/em><\/p>\n<p style=\"text-align: left;\"><span data-contrast=\"none\">(Aus dem\u00a0<\/span><span style=\"color: #fcbb2c;\"><a style=\"color: #fcbb2c;\" href=\"https:\/\/www.ciel.org\/wp-content\/uploads\/2020\/09\/Global-Call-for-the-UN-to-Recognize-the-Right-to-a-Healthy-Environment-English.pdf\">Brief<\/a><\/span><span data-contrast=\"none\">)\u00a0<\/span><span data-ccp-props=\"{\">\u00a0<\/span><\/p>\n<\/div><\/section><\/p><\/div>\n","protected":false},"excerpt":{"rendered":"<p>Das Recht auf eine gesunde Umwelt ist in \u00fcber 100 L\u00e4ndern\u00a0durch die Verfassung gesch\u00fctzt. Weitere 62 L\u00e4nder beziehen sich in ihren\u00a0Verfassungen\u00a0auf die gesunde Umwelt,\u00a0aber\u00a0das Recht ist nicht gesetzlich verankert.<\/p>\n","protected":false},"author":16,"featured_media":37720,"comment_status":"closed","ping_status":"closed","sticky":false,"template":"","format":"standard","meta":{"footnotes":""},"categories":[583,584,589,603,277,363,249,256,254,290],"tags":[],"class_list":["post-37900","post","type-post","status-publish","format-standard","has-post-thumbnail","hentry","category-blog-deutsch","category-blog-kinderrechte","category-blog-oekosysteme","category-blog-zukuenftige-generationen","category-kinderrechte-news","category-wfc-news-de","category-news-deutsch","category-news-kinderrechte","category-news-zukuenftige-generationen","category-wfc-de"],"featured_image_src":"https:\/\/www.worldfuturecouncil.org\/wp-content\/uploads\/2021\/03\/arno-smit-sKJ7zSylUao-unsplash.jpg","author_info":{"display_name":"Damian Cramer","author_link":"https:\/\/www.worldfuturecouncil.org\/de\/author\/damian_wfc\/"},"yoast_head":"<!-- This site is optimized with the Yoast SEO plugin v26.8 - https:\/\/yoast.com\/product\/yoast-seo-wordpress\/ -->\n<title>Ein weltweiter Aufruf f\u00fcr das Recht auf eine Gesunde Umwelt<\/title>\n<meta name=\"description\" content=\"Das Recht auf eine gesunde Umwelt ist in \u00fcber 100 L\u00e4ndern durch die Verfassung gesch\u00fctzt. Weitere 62 L\u00e4nder beziehen sich in ihren...\" \/>\n<meta name=\"robots\" content=\"index, follow, max-snippet:-1, max-image-preview:large, max-video-preview:-1\" \/>\n<link rel=\"canonical\" href=\"https:\/\/www.worldfuturecouncil.org\/de\/weltweiter-aufruf-fur-das-recht-auf-eine-gesunde-umwelt\/\" \/>\n<meta property=\"og:locale\" content=\"de_DE\" \/>\n<meta property=\"og:type\" content=\"article\" \/>\n<meta property=\"og:title\" content=\"Ein weltweiter Aufruf f\u00fcr das Recht auf eine Gesunde Umwelt\" \/>\n<meta property=\"og:description\" content=\"Das Recht auf eine gesunde Umwelt ist in \u00fcber 100 L\u00e4ndern durch die Verfassung gesch\u00fctzt. Weitere 62 L\u00e4nder beziehen sich in ihren...\" \/>\n<meta property=\"og:url\" content=\"https:\/\/www.worldfuturecouncil.org\/de\/weltweiter-aufruf-fur-das-recht-auf-eine-gesunde-umwelt\/\" \/>\n<meta property=\"og:site_name\" content=\"World Future Council\" \/>\n<meta property=\"article:published_time\" content=\"2021-03-24T10:46:31+00:00\" \/>\n<meta property=\"article:modified_time\" content=\"2023-10-23T09:59:51+00:00\" \/>\n<meta property=\"og:image\" content=\"https:\/\/www.worldfuturecouncil.org\/wp-content\/uploads\/2021\/03\/arno-smit-sKJ7zSylUao-unsplash.jpg\" \/>\n\t<meta property=\"og:image:width\" content=\"2560\" \/>\n\t<meta property=\"og:image:height\" content=\"1600\" \/>\n\t<meta property=\"og:image:type\" content=\"image\/jpeg\" \/>\n<meta name=\"author\" content=\"Damian Cramer\" \/>\n<meta name=\"twitter:card\" content=\"summary_large_image\" \/>\n<meta name=\"twitter:label1\" content=\"Verfasst von\" \/>\n\t<meta name=\"twitter:data1\" content=\"Damian Cramer\" \/>\n\t<meta name=\"twitter:label2\" content=\"Gesch\u00e4tzte Lesezeit\" \/>\n\t<meta name=\"twitter:data2\" content=\"5\u00a0Minuten\" \/>\n<script type=\"application\/ld+json\" class=\"yoast-schema-graph\">{\"@context\":\"https:\/\/schema.org\",\"@graph\":[{\"@type\":\"Article\",\"@id\":\"https:\/\/www.worldfuturecouncil.org\/de\/weltweiter-aufruf-fur-das-recht-auf-eine-gesunde-umwelt\/#article\",\"isPartOf\":{\"@id\":\"https:\/\/www.worldfuturecouncil.org\/de\/weltweiter-aufruf-fur-das-recht-auf-eine-gesunde-umwelt\/\"},\"author\":{\"name\":\"Damian Cramer\",\"@id\":\"https:\/\/www.worldfuturecouncil.org\/#\/schema\/person\/314be8521650bd44e38780fddf419b30\"},\"headline\":\"Ein weltweiter Aufruf f\u00fcr das Recht auf eine Gesunde Umwelt\",\"datePublished\":\"2021-03-24T10:46:31+00:00\",\"dateModified\":\"2023-10-23T09:59:51+00:00\",\"mainEntityOfPage\":{\"@id\":\"https:\/\/www.worldfuturecouncil.org\/de\/weltweiter-aufruf-fur-das-recht-auf-eine-gesunde-umwelt\/\"},\"wordCount\":1349,\"image\":{\"@id\":\"https:\/\/www.worldfuturecouncil.org\/de\/weltweiter-aufruf-fur-das-recht-auf-eine-gesunde-umwelt\/#primaryimage\"},\"thumbnailUrl\":\"https:\/\/www.worldfuturecouncil.org\/wp-content\/uploads\/2021\/03\/arno-smit-sKJ7zSylUao-unsplash.jpg\",\"articleSection\":[\"Blog\",\"Blog Kinderrechte\",\"Blog \u00d6kosysteme\",\"Blog zuk\u00fcnftige Generationen\",\"Kinderrechte News\",\"News\",\"News Deutsch\",\"News Kinderrechte\",\"News zuk\u00fcnftige Generationen\",\"WFC\"],\"inLanguage\":\"de\"},{\"@type\":\"WebPage\",\"@id\":\"https:\/\/www.worldfuturecouncil.org\/de\/weltweiter-aufruf-fur-das-recht-auf-eine-gesunde-umwelt\/\",\"url\":\"https:\/\/www.worldfuturecouncil.org\/de\/weltweiter-aufruf-fur-das-recht-auf-eine-gesunde-umwelt\/\",\"name\":\"Ein weltweiter Aufruf f\u00fcr das Recht auf eine Gesunde Umwelt\",\"isPartOf\":{\"@id\":\"https:\/\/www.worldfuturecouncil.org\/#website\"},\"primaryImageOfPage\":{\"@id\":\"https:\/\/www.worldfuturecouncil.org\/de\/weltweiter-aufruf-fur-das-recht-auf-eine-gesunde-umwelt\/#primaryimage\"},\"image\":{\"@id\":\"https:\/\/www.worldfuturecouncil.org\/de\/weltweiter-aufruf-fur-das-recht-auf-eine-gesunde-umwelt\/#primaryimage\"},\"thumbnailUrl\":\"https:\/\/www.worldfuturecouncil.org\/wp-content\/uploads\/2021\/03\/arno-smit-sKJ7zSylUao-unsplash.jpg\",\"datePublished\":\"2021-03-24T10:46:31+00:00\",\"dateModified\":\"2023-10-23T09:59:51+00:00\",\"author\":{\"@id\":\"https:\/\/www.worldfuturecouncil.org\/#\/schema\/person\/314be8521650bd44e38780fddf419b30\"},\"description\":\"Das Recht auf eine gesunde Umwelt ist in \u00fcber 100 L\u00e4ndern durch die Verfassung gesch\u00fctzt. Weitere 62 L\u00e4nder beziehen sich in ihren...\",\"inLanguage\":\"de\",\"potentialAction\":[{\"@type\":\"ReadAction\",\"target\":[\"https:\/\/www.worldfuturecouncil.org\/de\/weltweiter-aufruf-fur-das-recht-auf-eine-gesunde-umwelt\/\"]}]},{\"@type\":\"ImageObject\",\"inLanguage\":\"de\",\"@id\":\"https:\/\/www.worldfuturecouncil.org\/de\/weltweiter-aufruf-fur-das-recht-auf-eine-gesunde-umwelt\/#primaryimage\",\"url\":\"https:\/\/www.worldfuturecouncil.org\/wp-content\/uploads\/2021\/03\/arno-smit-sKJ7zSylUao-unsplash.jpg\",\"contentUrl\":\"https:\/\/www.worldfuturecouncil.org\/wp-content\/uploads\/2021\/03\/arno-smit-sKJ7zSylUao-unsplash.jpg\",\"width\":2560,\"height\":1600},{\"@type\":\"WebSite\",\"@id\":\"https:\/\/www.worldfuturecouncil.org\/#website\",\"url\":\"https:\/\/www.worldfuturecouncil.org\/\",\"name\":\"World Future Council\",\"description\":\"Solutions for our Common Future\",\"potentialAction\":[{\"@type\":\"SearchAction\",\"target\":{\"@type\":\"EntryPoint\",\"urlTemplate\":\"https:\/\/www.worldfuturecouncil.org\/?s={search_term_string}\"},\"query-input\":{\"@type\":\"PropertyValueSpecification\",\"valueRequired\":true,\"valueName\":\"search_term_string\"}}],\"inLanguage\":\"de\"},{\"@type\":\"Person\",\"@id\":\"https:\/\/www.worldfuturecouncil.org\/#\/schema\/person\/314be8521650bd44e38780fddf419b30\",\"name\":\"Damian Cramer\",\"image\":{\"@type\":\"ImageObject\",\"inLanguage\":\"de\",\"@id\":\"https:\/\/www.worldfuturecouncil.org\/#\/schema\/person\/image\/\",\"url\":\"https:\/\/secure.gravatar.com\/avatar\/cc30f4e4dc09cfac9016973bb7acbf21e51bca875f4f1a87ef413caa38147247?s=96&d=mm&r=g\",\"contentUrl\":\"https:\/\/secure.gravatar.com\/avatar\/cc30f4e4dc09cfac9016973bb7acbf21e51bca875f4f1a87ef413caa38147247?s=96&d=mm&r=g\",\"caption\":\"Damian Cramer\"},\"url\":\"https:\/\/www.worldfuturecouncil.org\/de\/author\/damian_wfc\/\"}]}<\/script>\n<!-- \/ Yoast SEO plugin. -->","yoast_head_json":{"title":"Ein weltweiter Aufruf f\u00fcr das Recht auf eine Gesunde Umwelt","description":"Das Recht auf eine gesunde Umwelt ist in \u00fcber 100 L\u00e4ndern durch die Verfassung gesch\u00fctzt. Weitere 62 L\u00e4nder beziehen sich in ihren...","robots":{"index":"index","follow":"follow","max-snippet":"max-snippet:-1","max-image-preview":"max-image-preview:large","max-video-preview":"max-video-preview:-1"},"canonical":"https:\/\/www.worldfuturecouncil.org\/de\/weltweiter-aufruf-fur-das-recht-auf-eine-gesunde-umwelt\/","og_locale":"de_DE","og_type":"article","og_title":"Ein weltweiter Aufruf f\u00fcr das Recht auf eine Gesunde Umwelt","og_description":"Das Recht auf eine gesunde Umwelt ist in \u00fcber 100 L\u00e4ndern durch die Verfassung gesch\u00fctzt. Weitere 62 L\u00e4nder beziehen sich in ihren...","og_url":"https:\/\/www.worldfuturecouncil.org\/de\/weltweiter-aufruf-fur-das-recht-auf-eine-gesunde-umwelt\/","og_site_name":"World Future Council","article_published_time":"2021-03-24T10:46:31+00:00","article_modified_time":"2023-10-23T09:59:51+00:00","og_image":[{"width":2560,"height":1600,"url":"https:\/\/www.worldfuturecouncil.org\/wp-content\/uploads\/2021\/03\/arno-smit-sKJ7zSylUao-unsplash.jpg","type":"image\/jpeg"}],"author":"Damian Cramer","twitter_card":"summary_large_image","twitter_misc":{"Verfasst von":"Damian Cramer","Gesch\u00e4tzte Lesezeit":"5\u00a0Minuten"},"schema":{"@context":"https:\/\/schema.org","@graph":[{"@type":"Article","@id":"https:\/\/www.worldfuturecouncil.org\/de\/weltweiter-aufruf-fur-das-recht-auf-eine-gesunde-umwelt\/#article","isPartOf":{"@id":"https:\/\/www.worldfuturecouncil.org\/de\/weltweiter-aufruf-fur-das-recht-auf-eine-gesunde-umwelt\/"},"author":{"name":"Damian Cramer","@id":"https:\/\/www.worldfuturecouncil.org\/#\/schema\/person\/314be8521650bd44e38780fddf419b30"},"headline":"Ein weltweiter Aufruf f\u00fcr das Recht auf eine Gesunde Umwelt","datePublished":"2021-03-24T10:46:31+00:00","dateModified":"2023-10-23T09:59:51+00:00","mainEntityOfPage":{"@id":"https:\/\/www.worldfuturecouncil.org\/de\/weltweiter-aufruf-fur-das-recht-auf-eine-gesunde-umwelt\/"},"wordCount":1349,"image":{"@id":"https:\/\/www.worldfuturecouncil.org\/de\/weltweiter-aufruf-fur-das-recht-auf-eine-gesunde-umwelt\/#primaryimage"},"thumbnailUrl":"https:\/\/www.worldfuturecouncil.org\/wp-content\/uploads\/2021\/03\/arno-smit-sKJ7zSylUao-unsplash.jpg","articleSection":["Blog","Blog Kinderrechte","Blog \u00d6kosysteme","Blog zuk\u00fcnftige Generationen","Kinderrechte News","News","News Deutsch","News Kinderrechte","News zuk\u00fcnftige Generationen","WFC"],"inLanguage":"de"},{"@type":"WebPage","@id":"https:\/\/www.worldfuturecouncil.org\/de\/weltweiter-aufruf-fur-das-recht-auf-eine-gesunde-umwelt\/","url":"https:\/\/www.worldfuturecouncil.org\/de\/weltweiter-aufruf-fur-das-recht-auf-eine-gesunde-umwelt\/","name":"Ein weltweiter Aufruf f\u00fcr das Recht auf eine Gesunde Umwelt","isPartOf":{"@id":"https:\/\/www.worldfuturecouncil.org\/#website"},"primaryImageOfPage":{"@id":"https:\/\/www.worldfuturecouncil.org\/de\/weltweiter-aufruf-fur-das-recht-auf-eine-gesunde-umwelt\/#primaryimage"},"image":{"@id":"https:\/\/www.worldfuturecouncil.org\/de\/weltweiter-aufruf-fur-das-recht-auf-eine-gesunde-umwelt\/#primaryimage"},"thumbnailUrl":"https:\/\/www.worldfuturecouncil.org\/wp-content\/uploads\/2021\/03\/arno-smit-sKJ7zSylUao-unsplash.jpg","datePublished":"2021-03-24T10:46:31+00:00","dateModified":"2023-10-23T09:59:51+00:00","author":{"@id":"https:\/\/www.worldfuturecouncil.org\/#\/schema\/person\/314be8521650bd44e38780fddf419b30"},"description":"Das Recht auf eine gesunde Umwelt ist in \u00fcber 100 L\u00e4ndern durch die Verfassung gesch\u00fctzt. Weitere 62 L\u00e4nder beziehen sich in ihren...","inLanguage":"de","potentialAction":[{"@type":"ReadAction","target":["https:\/\/www.worldfuturecouncil.org\/de\/weltweiter-aufruf-fur-das-recht-auf-eine-gesunde-umwelt\/"]}]},{"@type":"ImageObject","inLanguage":"de","@id":"https:\/\/www.worldfuturecouncil.org\/de\/weltweiter-aufruf-fur-das-recht-auf-eine-gesunde-umwelt\/#primaryimage","url":"https:\/\/www.worldfuturecouncil.org\/wp-content\/uploads\/2021\/03\/arno-smit-sKJ7zSylUao-unsplash.jpg","contentUrl":"https:\/\/www.worldfuturecouncil.org\/wp-content\/uploads\/2021\/03\/arno-smit-sKJ7zSylUao-unsplash.jpg","width":2560,"height":1600},{"@type":"WebSite","@id":"https:\/\/www.worldfuturecouncil.org\/#website","url":"https:\/\/www.worldfuturecouncil.org\/","name":"World Future Council","description":"Solutions for our Common Future","potentialAction":[{"@type":"SearchAction","target":{"@type":"EntryPoint","urlTemplate":"https:\/\/www.worldfuturecouncil.org\/?s={search_term_string}"},"query-input":{"@type":"PropertyValueSpecification","valueRequired":true,"valueName":"search_term_string"}}],"inLanguage":"de"},{"@type":"Person","@id":"https:\/\/www.worldfuturecouncil.org\/#\/schema\/person\/314be8521650bd44e38780fddf419b30","name":"Damian Cramer","image":{"@type":"ImageObject","inLanguage":"de","@id":"https:\/\/www.worldfuturecouncil.org\/#\/schema\/person\/image\/","url":"https:\/\/secure.gravatar.com\/avatar\/cc30f4e4dc09cfac9016973bb7acbf21e51bca875f4f1a87ef413caa38147247?s=96&d=mm&r=g","contentUrl":"https:\/\/secure.gravatar.com\/avatar\/cc30f4e4dc09cfac9016973bb7acbf21e51bca875f4f1a87ef413caa38147247?s=96&d=mm&r=g","caption":"Damian Cramer"},"url":"https:\/\/www.worldfuturecouncil.org\/de\/author\/damian_wfc\/"}]}},"_links":{"self":[{"href":"https:\/\/www.worldfuturecouncil.org\/de\/wp-json\/wp\/v2\/posts\/37900","targetHints":{"allow":["GET"]}}],"collection":[{"href":"https:\/\/www.worldfuturecouncil.org\/de\/wp-json\/wp\/v2\/posts"}],"about":[{"href":"https:\/\/www.worldfuturecouncil.org\/de\/wp-json\/wp\/v2\/types\/post"}],"author":[{"embeddable":true,"href":"https:\/\/www.worldfuturecouncil.org\/de\/wp-json\/wp\/v2\/users\/16"}],"replies":[{"embeddable":true,"href":"https:\/\/www.worldfuturecouncil.org\/de\/wp-json\/wp\/v2\/comments?post=37900"}],"version-history":[{"count":0,"href":"https:\/\/www.worldfuturecouncil.org\/de\/wp-json\/wp\/v2\/posts\/37900\/revisions"}],"wp:featuredmedia":[{"embeddable":true,"href":"https:\/\/www.worldfuturecouncil.org\/de\/wp-json\/wp\/v2\/media\/37720"}],"wp:attachment":[{"href":"https:\/\/www.worldfuturecouncil.org\/de\/wp-json\/wp\/v2\/media?parent=37900"}],"wp:term":[{"taxonomy":"category","embeddable":true,"href":"https:\/\/www.worldfuturecouncil.org\/de\/wp-json\/wp\/v2\/categories?post=37900"},{"taxonomy":"post_tag","embeddable":true,"href":"https:\/\/www.worldfuturecouncil.org\/de\/wp-json\/wp\/v2\/tags?post=37900"}],"curies":[{"name":"wp","href":"https:\/\/api.w.org\/{rel}","templated":true}]}}